{"id":742,"date":"2016-05-23T10:09:06","date_gmt":"2016-05-23T08:09:06","guid":{"rendered":"http:\/\/lgd.com.pl\/2016\/05\/23\/umowy-podpisano-a-zatem-lokalne-grupy-dzialania-do-dziela\/"},"modified":"2017-01-13T09:53:38","modified_gmt":"2017-01-13T08:53:38","slug":"umowy-podpisano-a-zatem-lokalne-grupy-dzialania-do-dziela","status":"publish","type":"post","link":"https:\/\/lgd.com.pl\/archiwum24\/umowy-podpisano-a-zatem-lokalne-grupy-dzialania-do-dziela\/","title":{"rendered":"UMOWY PODPISANO  A ZATEM  LOKALNE GRUPY DZIA\u0141ANIA  &#8211;  DO DZIE\u0141A !!!"},"content":{"rendered":"<p style=\"text-align: justify;\">W dniu 19 maja br. na Toru\u0144skich Jordankach odby\u0142a si\u0119 uroczysto\u015b\u0107 podpisania um\u00f3w o\u00a0warunkach i sposobie realizacji 28 lokalnych strategii przygotowanych przez lokalne grupy dzia\u0142ania. W ceremonii wzi\u0119li udzia\u0142: marsza\u0142ek Piotr Ca\u0142becki, wicemarsza\u0142ek Dariusz Kurzawa, przewodnicz\u0105cy sejmiku Ryszard Bober oraz przedstawiciele wszystkich LGD.<\/p>\n<p style=\"text-align: justify;\">\u00a0\u00a0\u00a0\u00a0\u00a0\u00a0\u00a0\u00a0\u00a0\u00a0\u00a0 Lokalne Grupy Dzia\u0142ania \u2013 w tym nasza LGD, otrzymaj\u0105 do dyspozycji oko\u0142o p\u00f3\u0142 miliarda z\u0142otych wsparcia z Unii Europejskiej na r\u00f3\u017cnorodne przedsi\u0119wzi\u0119cia uwzgl\u0119dniaj\u0105ce potrzeby konkretnych spo\u0142eczno\u015bci.<\/p>\n<p style=\"text-align: justify;\">\u00a0\u00a0\u00a0\u00a0\u00a0\u00a0\u00a0\u00a0\u00a0\u00a0\u00a0 Do zada\u0144 lokalnych grup b\u0119dzie teraz nale\u017ca\u0142o przygotowanie i przeprowadzenie nabor\u00f3w wniosk\u00f3w o wsparcie we wskazanych w strategiach obszarach. Lokalne grupy dzia\u0142ania b\u0119d\u0105 te\u017c wspiera\u0107 wnioskodawc\u00f3w w przygotowywaniu dokumentacji i aplikowaniu o \u015brodki.<\/p>\n<p style=\"text-align: justify;\">\u00a0\u00a0\u00a0\u00a0\u00a0\u00a0\u00a0\u00a0\u00a0\u00a0\u00a0 \u015arodki, kt\u00f3rymi dysponuj\u0105 LGD trafi\u0105 mi\u0119dzy innymi na aktywizacj\u0119 spo\u0142eczn\u0105 i zawodow\u0105 mieszka\u0144c\u00f3w, w tym tworzenie klub\u00f3w samopomocy i \u015bwietlic \u015brodowiskowych oraz wspieranie przedsi\u0119biorczo\u015bci spo\u0142ecznej. Spo\u0142eczno\u015bci lokalne na terenach wiejskich i miast do 20 tysi\u0119cy mieszka\u0144c\u00f3w, kt\u00f3re dysponuj\u0105 wi\u0119ksz\u0105 pul\u0105 \u015brodk\u00f3w od ich odpowiednik\u00f3w w wi\u0119kszych miastach, mog\u0105 tak\u017ce liczy\u0107 na dofinansowanie inwestycji przyczyniaj\u0105cych si\u0119 do rewitalizacji spo\u0142eczno-gospodarczej, rozbudowy publicznej infrastruktury i wsparcie dzia\u0142alno\u015bci przedsi\u0119biorstw, w tym inkubator\u00f3w przedsi\u0119biorczo\u015bci.<\/p>\n<p style=\"text-align: justify;\">\u00a0\u00a0\u00a0\u00a0\u00a0\u00a0\u00a0\u00a0\u00a0\u00a0\u00a0 W nowym unijnym rozdaniu wsparcie na dzia\u0142alno\u015b\u0107 LGD b\u0119dzie kierowane w ramach mechanizmu \u201eRozw\u00f3j lokalny kierowany przez spo\u0142eczno\u015b\u0107\u201d (RLKS). To jedno z narz\u0119dzi realizacji polityki terytorialnej wojew\u00f3dztwa. RLKS w tak du\u017cej skali obejmie nie tylko tereny wiejskie, ale r\u00f3wnie\u017c mieszka\u0144c\u00f3w wszystkich miast, a dzia\u0142ania LGD b\u0119d\u0105 realizowane na obszarze prawie ca\u0142ego wojew\u00f3dztwa.<\/p>\n<p style=\"text-align: justify;\">\u00a0\u00a0\u00a0\u00a0\u00a0\u00a0\u00a0\u00a0\u00a0\u00a0\u00a0 Do dyspozycji LGD b\u0119d\u0105 \u2013 tak jak wcze\u015bniej \u00ad\u2013 \u015brodki z PROW (ponad 42 miliony euro), a\u00a0tak\u017ce wielomilionowe wsparcie z Regionalnego Programu Operacyjnego Wojew\u00f3dztwa Kujawsko-Pomorskiego (76 milion\u00f3w euro) oraz PO Ryby (3 miliony euro). W puli jest w sumie oko\u0142o p\u00f3\u0142 miliarda z\u0142otych.<\/p>\n<p style=\"text-align: justify;\">Na naszej stronie mog\u0105 si\u0119 Pa\u0144stwo zapozna\u0107 z najwa\u017cniejszymi dokumentami, kt\u00f3re b\u0119d\u0105 nas obowi\u0105zywa\u0142y w najbli\u017cszych latach, tj. Lokaln\u0105 Strategi\u0105 Rozwoju, umow\u0105 ramow\u0105, statutem Stowarzyszenia, list\u0105 cz\u0142onk\u00f3w LGD, list\u0105 cz\u0142onk\u00f3w Zarz\u0105du oraz Rady LGD, regulaminem Rady LGD oraz harmonogramem naboru wniosk\u00f3w o udzielenie wsparcia na wdra\u017canie operacji w ramach LSR.<\/p>\n<p style=\"text-align: justify;\">O wszelkich dzia\u0142aniach b\u0119dziemy Pa\u0144stwa informowali za po\u015brednictwem naszej strony internetowej oraz lokalnej prasy.<\/p>\n<p style=\"text-align: justify;\">Zapraszamy do obejrzenia zdj\u0119\u0107 z uroczysto\u015bci podpisania Umowy w zak\u0142adce GALERIA.<\/p>\n","protected":false},"excerpt":{"rendered":"<p>W dniu 19 maja br. na Toru\u0144skich Jordankach odby\u0142a si\u0119 uroczysto\u015b\u0107 podpisania um\u00f3w o\u00a0warunkach i sposobie realizacji 28 lokalnych strategii przygotowanych przez lokalne grupy dzia\u0142ania. W ceremonii wzi\u0119li udzia\u0142: marsza\u0142ek Piotr Ca\u0142becki, wicemarsza\u0142ek Dariusz Kurzawa, przewodnicz\u0105cy sejmiku Ryszard Bober oraz przedstawiciele wszystkich LGD. \u00a0\u00a0\u00a0\u00a0\u00a0\u00a0\u00a0\u00a0\u00a0\u00a0\u00a0 Lokalne Grupy Dzia\u0142ania \u2013 w tym nasza LGD, otrzymaj\u0105 do dyspozycji [&hellip;]<\/p>\n","protected":false},"author":1,"featured_media":1860,"comment_status":"open","ping_status":"open","sticky":false,"template":"","format":"standard","meta":{"footnotes":""},"categories":[7],"tags":[],"_links":{"self":[{"href":"https:\/\/lgd.com.pl\/archiwum24\/wp-json\/wp\/v2\/posts\/742"}],"collection":[{"href":"https:\/\/lgd.com.pl\/archiwum24\/wp-json\/wp\/v2\/posts"}],"about":[{"href":"https:\/\/lgd.com.pl\/archiwum24\/wp-json\/wp\/v2\/types\/post"}],"author":[{"embeddable":true,"href":"https:\/\/lgd.com.pl\/archiwum24\/wp-json\/wp\/v2\/users\/1"}],"replies":[{"embeddable":true,"href":"https:\/\/lgd.com.pl\/archiwum24\/wp-json\/wp\/v2\/comments?post=742"}],"version-history":[{"count":1,"href":"https:\/\/lgd.com.pl\/archiwum24\/wp-json\/wp\/v2\/posts\/742\/revisions"}],"predecessor-version":[{"id":1889,"href":"https:\/\/lgd.com.pl\/archiwum24\/wp-json\/wp\/v2\/posts\/742\/revisions\/1889"}],"wp:featuredmedia":[{"embeddable":true,"href":"https:\/\/lgd.com.pl\/archiwum24\/wp-json\/wp\/v2\/media\/1860"}],"wp:attachment":[{"href":"https:\/\/lgd.com.pl\/archiwum24\/wp-json\/wp\/v2\/media?parent=742"}],"wp:term":[{"taxonomy":"category","embeddable":true,"href":"https:\/\/lgd.com.pl\/archiwum24\/wp-json\/wp\/v2\/categories?post=742"},{"taxonomy":"post_tag","embeddable":true,"href":"https:\/\/lgd.com.pl\/archiwum24\/wp-json\/wp\/v2\/tags?post=742"}],"curies":[{"name":"wp","href":"https:\/\/api.w.org\/{rel}","templated":true}]}}