{"id":739,"date":"2016-04-06T13:23:21","date_gmt":"2016-04-06T11:23:21","guid":{"rendered":"http:\/\/lgd.com.pl\/2016\/04\/06\/posiedzenie-zarzadu-lgd-04-2016\/"},"modified":"2017-01-13T10:34:32","modified_gmt":"2017-01-13T09:34:32","slug":"posiedzenie-zarzadu-lgd-04-2016","status":"publish","type":"post","link":"https:\/\/lgd.com.pl\/archiwum24\/posiedzenie-zarzadu-lgd-04-2016\/","title":{"rendered":"Posiedzenie Zarz\u0105du LGD"},"content":{"rendered":"<p class=\"Standard\"><span style=\"font-size: 10pt;\"><span lang=\"DE\">W dniu 6 kwietnia 2016 r. odby\u0142o si\u0119 posiedzenie Zarz\u0105du Lokalnej Grupy Dzia\u0142ania &#8220;Razem dla Powiatu Radziejowskiego&#8221;.<\/span><\/span><\/p>\n<p class=\"Standard\"><span style=\"line-height: 1.3em; font-size: 10pt;\">Podczas posiedzenia Zarz\u0105d om\u00f3wi\u0142 bie\u017c\u0105ce sprawy funkcjonowania LGD oraz przyj\u0105\u0142 projekty uchwa\u0142 Walnego Zebrania Cz\u0142onk\u00f3w LGD, kt\u00f3re odb\u0119dzie si\u0119 8 kwietnia 2016 r.<\/span><\/p>\n<p class=\"Standard\"><a title=\"Projekt uchwa\u0142y nr 1\/2016\" href=\"http:\/\/lgd.com.pl\/wp-content\/uploads\/2016\/04\/uchwala_uchylajaca_08_04_16.PDF\" target=\"_blank\" rel=\"alternate\"><span style=\"line-height: 1.3em; font-size: 10pt;\">Projekt uchwa\u0142y nr 1\/2016<\/span><\/a><\/p>\n<p class=\"Standard\"><a title=\"Projekt uchwa\u0142y nr 2\/2016\" href=\"http:\/\/lgd.com.pl\/wp-content\/uploads\/2016\/04\/uchwala_statut_08_04_16.PDF\" target=\"_blank\" rel=\"alternate\"><span style=\"line-height: 1.3em; font-size: 10pt;\">Projekt uchwa\u0142y nr 2\/2016<\/span><\/a><\/p>\n<p class=\"Standard\"><a title=\"Statut Stowarzyszenia\" href=\"http:\/\/lgd.com.pl\/wp-content\/uploads\/2016\/04\/statut_08_04_16.PDF\" target=\"_blank\" rel=\"alternate\"><span style=\"line-height: 1.3em; font-size: 10pt;\">Projekt Statutu Stowarzyszenia<\/span><\/a><\/p>\n<p class=\"Standard\">\n","protected":false},"excerpt":{"rendered":"<p>W dniu 6 kwietnia 2016 r. odby\u0142o si\u0119 posiedzenie Zarz\u0105du Lokalnej Grupy Dzia\u0142ania &#8220;Razem dla Powiatu Radziejowskiego&#8221;. Podczas posiedzenia Zarz\u0105d om\u00f3wi\u0142 bie\u017c\u0105ce sprawy funkcjonowania LGD oraz przyj\u0105\u0142 projekty uchwa\u0142 Walnego Zebrania Cz\u0142onk\u00f3w LGD, kt\u00f3re odb\u0119dzie si\u0119 8 kwietnia 2016 r. Projekt uchwa\u0142y nr 1\/2016 Projekt uchwa\u0142y nr 2\/2016 Projekt Statutu Stowarzyszenia<\/p>\n","protected":false},"author":1,"featured_media":1860,"comment_status":"open","ping_status":"open","sticky":false,"template":"","format":"standard","meta":{"footnotes":""},"categories":[7],"tags":[],"_links":{"self":[{"href":"https:\/\/lgd.com.pl\/archiwum24\/wp-json\/wp\/v2\/posts\/739"}],"collection":[{"href":"https:\/\/lgd.com.pl\/archiwum24\/wp-json\/wp\/v2\/posts"}],"about":[{"href":"https:\/\/lgd.com.pl\/archiwum24\/wp-json\/wp\/v2\/types\/post"}],"author":[{"embeddable":true,"href":"https:\/\/lgd.com.pl\/archiwum24\/wp-json\/wp\/v2\/users\/1"}],"replies":[{"embeddable":true,"href":"https:\/\/lgd.com.pl\/archiwum24\/wp-json\/wp\/v2\/comments?post=739"}],"version-history":[{"count":1,"href":"https:\/\/lgd.com.pl\/archiwum24\/wp-json\/wp\/v2\/posts\/739\/revisions"}],"predecessor-version":[{"id":2044,"href":"https:\/\/lgd.com.pl\/archiwum24\/wp-json\/wp\/v2\/posts\/739\/revisions\/2044"}],"wp:featuredmedia":[{"embeddable":true,"href":"https:\/\/lgd.com.pl\/archiwum24\/wp-json\/wp\/v2\/media\/1860"}],"wp:attachment":[{"href":"https:\/\/lgd.com.pl\/archiwum24\/wp-json\/wp\/v2\/media?parent=739"}],"wp:term":[{"taxonomy":"category","embeddable":true,"href":"https:\/\/lgd.com.pl\/archiwum24\/wp-json\/wp\/v2\/categories?post=739"},{"taxonomy":"post_tag","embeddable":true,"href":"https:\/\/lgd.com.pl\/archiwum24\/wp-json\/wp\/v2\/tags?post=739"}],"curies":[{"name":"wp","href":"https:\/\/api.w.org\/{rel}","templated":true}]}}