{"id":703,"date":"2015-08-14T11:49:26","date_gmt":"2015-08-14T09:49:26","guid":{"rendered":"http:\/\/lgd.com.pl\/2015\/08\/14\/zapraszamy-do-wypelnienia-ankiety\/"},"modified":"2015-08-14T11:49:26","modified_gmt":"2015-08-14T09:49:26","slug":"zapraszamy-do-wypelnienia-ankiety","status":"publish","type":"post","link":"https:\/\/lgd.com.pl\/archiwum24\/zapraszamy-do-wypelnienia-ankiety\/","title":{"rendered":"Zapraszamy do wype\u0142nienia ankiety"},"content":{"rendered":"<p style=\"text-align: justify;\"><span style=\"font-size: 12pt;\">W zwi\u0105zku z przygotowaniem nowej Lokalnej Strategii Rozwoju, zwracamy si\u0119 do Pa\u0144stwa z pro\u015bb\u0105 o wype\u0142nienie ankiety.<\/span><\/p>\n<p style=\"text-align: justify;\"><span style=\"font-size: 12pt;\">Ankieta pomo\u017ce nam okre\u015bli\u0107 potencja\u0142 obszaru ale r\u00f3wnie\u017c zdiagnozowa\u0107 rzeczywiste problemy i potrzeby z jakimi powinni\u015bmy si\u0119 zmierzy\u0107. <\/span><\/p>\n<p style=\"text-align: justify;\"><span style=\"font-size: 12pt;\">Dzi\u0119ki Pa\u0144stwa sugestiom \u0142atwiejsze b\u0119dzie ustalenie cel\u00f3w i priorytet\u00f3w Lokalnej Grupy Dzia\u0142ania <\/span><span style=\"font-size: 12pt;\">w najbli\u017cszych latach. <\/span><\/p>\n<p style=\"text-align: justify;\"><span style=\"font-size: 12pt;\">Znaj\u0105c Pa\u0144stwa problemy, opinie, sugestie na tematy wymienione w ankiecie, \u0142atwiej b\u0119dzie nam dopasowa\u0107 narz\u0119dzia i dzia\u0142ania prowadzone przez Lokaln\u0105 Grup\u0119 Dzia\u0142ania do Pa\u0144stwa potrzeb i oczekiwa\u0144 oraz sporz\u0105dzi\u0107 i wdro\u017cy\u0107 odpowiedni plan rozwoju.<\/span><\/p>\n<p style=\"text-align: justify;\"><span style=\"font-size: 12pt;\">Ankiet\u0119 prosimy sk\u0142ada\u0107 w Biurze LGD &#8220;Razem dla Powiatu Radziejowskiego&#8221;, przy ul. Ko\u015bciuszki 58, 88 -200 Radziej\u00f3w od poniedzia\u0142ku do pi\u0105tku w godzinach 7.30 \u2013 15.30 lub elektronicznie na adres: radziejow@lgd.com.pl<\/span><\/p>\n<p style=\"text-align: justify;\">\u00a0<\/p>\n<p style=\"text-align: justify;\">\u00a0<\/p>\n<p style=\"text-align: justify;\"><span style=\"font-size: 12pt;\"><a href=\"http:\/\/lgd.com.pl\/wp-content\/uploads\/2015\/08\/ankieta_LSR.doc\" target=\"_blank\" rel=\"alternate\">ANKIETA<\/a><\/span><\/p>\n","protected":false},"excerpt":{"rendered":"<p>W zwi\u0105zku z przygotowaniem nowej Lokalnej Strategii Rozwoju, zwracamy si\u0119 do Pa\u0144stwa z pro\u015bb\u0105 o wype\u0142nienie ankiety. Ankieta pomo\u017ce nam okre\u015bli\u0107 potencja\u0142 obszaru ale r\u00f3wnie\u017c zdiagnozowa\u0107 rzeczywiste problemy i potrzeby z jakimi powinni\u015bmy si\u0119 zmierzy\u0107. Dzi\u0119ki Pa\u0144stwa sugestiom \u0142atwiejsze b\u0119dzie ustalenie cel\u00f3w i priorytet\u00f3w Lokalnej Grupy Dzia\u0142ania w najbli\u017cszych latach. Znaj\u0105c Pa\u0144stwa problemy, opinie, sugestie [&hellip;]<\/p>\n","protected":false},"author":1,"featured_media":0,"comment_status":"open","ping_status":"open","sticky":false,"template":"","format":"standard","meta":{"footnotes":""},"categories":[7],"tags":[],"_links":{"self":[{"href":"https:\/\/lgd.com.pl\/archiwum24\/wp-json\/wp\/v2\/posts\/703"}],"collection":[{"href":"https:\/\/lgd.com.pl\/archiwum24\/wp-json\/wp\/v2\/posts"}],"about":[{"href":"https:\/\/lgd.com.pl\/archiwum24\/wp-json\/wp\/v2\/types\/post"}],"author":[{"embeddable":true,"href":"https:\/\/lgd.com.pl\/archiwum24\/wp-json\/wp\/v2\/users\/1"}],"replies":[{"embeddable":true,"href":"https:\/\/lgd.com.pl\/archiwum24\/wp-json\/wp\/v2\/comments?post=703"}],"version-history":[{"count":0,"href":"https:\/\/lgd.com.pl\/archiwum24\/wp-json\/wp\/v2\/posts\/703\/revisions"}],"wp:attachment":[{"href":"https:\/\/lgd.com.pl\/archiwum24\/wp-json\/wp\/v2\/media?parent=703"}],"wp:term":[{"taxonomy":"category","embeddable":true,"href":"https:\/\/lgd.com.pl\/archiwum24\/wp-json\/wp\/v2\/categories?post=703"},{"taxonomy":"post_tag","embeddable":true,"href":"https:\/\/lgd.com.pl\/archiwum24\/wp-json\/wp\/v2\/tags?post=703"}],"curies":[{"name":"wp","href":"https:\/\/api.w.org\/{rel}","templated":true}]}}