{"id":701,"date":"2015-08-04T09:05:34","date_gmt":"2015-08-04T07:05:34","guid":{"rendered":"http:\/\/lgd.com.pl\/2015\/08\/04\/zaproszenie-na-spotkanie-dotyczace-opracowania-lokalnej-strategii-rozwoju-na-lata-2016-2023\/"},"modified":"2015-08-04T09:05:34","modified_gmt":"2015-08-04T07:05:34","slug":"zaproszenie-na-spotkanie-dotyczace-opracowania-lokalnej-strategii-rozwoju-na-lata-2016-2023","status":"publish","type":"post","link":"https:\/\/lgd.com.pl\/archiwum24\/zaproszenie-na-spotkanie-dotyczace-opracowania-lokalnej-strategii-rozwoju-na-lata-2016-2023\/","title":{"rendered":"ZAPROSZENIE NA SPOTKANIE DOTYCZ\u0104CE OPRACOWANIA  LOKALNEJ STRATEGII ROZWOJU NA LATA 2016 &#8211; 2023 &#8211; ZMIANA GODZINY SPOTKA\u0143"},"content":{"rendered":"<p style=\"text-align: center;\"><span style=\"font-family: times new roman,times; font-size: 12pt;\">Zarz\u0105d Lokalnej Grupy Dzia\u0142ania serdecznie zaprasza mieszka\u0144c\u00f3w Powiatu Radziejowskiego, <\/span><\/p>\n<p style=\"text-align: center;\"><span style=\"font-family: times new roman,times; font-size: 12pt;\">przedstawicieli lokalnych instytucji publicznych, przedsi\u0119biorc\u00f3w i organizacji spo\u0142ecznych <\/span><\/p>\n<p style=\"text-align: center;\"><span style=\"font-family: times new roman,times; font-size: 12pt;\">na otwarte spotkania dotycz\u0105ce tworzenia nowej wielofunduszowej Lokalnej Strategii Rozwoju (LSR) na lata 2016 -2023.<\/span><\/p>\n<p style=\"text-align: center;\"><span style=\"font-family: times new roman,times; font-size: 12pt;\">Lokalna Grupa Dzia\u0142ania \u201eRazem dla Powiatu Radziejowskiego\u201d (LGD) w ramach nowego okresu programowania 2014 \u2013 2020 <\/span><\/p>\n<p style=\"text-align: center;\"><span style=\"font-family: times new roman,times; font-size: 12pt;\">przyst\u0119puje do opracowania Lokalnej Strategii Rozwoju, kt\u00f3ra b\u0119dzie realizowana w latach 2016 \u2013 2023. <\/span><\/p>\n<p style=\"text-align: center;\"><span style=\"font-family: times new roman,times; font-size: 12pt;\">LGD obejmuje swoim zasi\u0119giem obszar wszystkich gmin z obszaru Powiatu Radziejowskiego.<\/span><\/p>\n<p style=\"text-align: center;\"><span style=\"font-family: times new roman,times; font-size: 12pt;\">W ramach realizowanej strategii wsparciem b\u0119d\u0105 obj\u0119te dzia\u0142ania zwi\u0105zane m.in. z:<\/span><\/p>\n<ul style=\"text-align: center;\">\n<li><span style=\"font-family: times new roman,times; font-size: 12pt;\">Wsparciem przedsi\u0119biorczo\u015bci,<\/span><\/li>\n<li><span style=\"font-family: times new roman,times; font-size: 12pt;\">Rewitalizacj\u0105 miejscowo\u015bci wiejskich,<\/span><\/li>\n<li><span style=\"font-family: times new roman,times; font-size: 12pt;\">Integracj\u0105 \u015brodowisk zagro\u017conych wykluczeniem spo\u0142ecznym,<\/span><\/li>\n<li><span style=\"font-family: times new roman,times; font-size: 12pt;\">Animacj\u0105 spo\u0142eczn\u0105,<\/span><\/li>\n<li><span style=\"font-family: times new roman,times; font-size: 12pt;\">Zachowaniem dziedzictwa kulturowego,<\/span><\/li>\n<li><span style=\"font-family: times new roman,times; font-size: 12pt;\">Rozwojem produkt\u00f3w lokalnych i rynk\u00f3w zbytu,<\/span><\/li>\n<li><span style=\"font-family: times new roman,times; font-size: 12pt;\">Podnoszeniem kompetencji os\u00f3b z obszaru LGD w zakresie rozpoczynania dzia\u0142alno\u015bci gospodarczej, rozwoju przedsi\u0119biorczo\u015bci, dywersyfikacji \u017ar\u00f3de\u0142 dochodu,<\/span><\/li>\n<li><span style=\"font-family: times new roman,times; font-size: 12pt;\">Podnoszeniem wiedzy w zakresie ochrony \u015brodowiska, zmian klimatycznych oraz innowacji,<\/span><\/li>\n<li><span style=\"font-family: times new roman,times; font-size: 12pt;\">Rozwojem infrastruktury turystycznej, rekreacyjnej lub kulturalnej.<\/span><\/li>\n<\/ul>\n<p style=\"text-align: center;\"><span style=\"font-family: times new roman,times; font-size: 12pt;\">W programie spotkania:\u00a0<\/span><\/p>\n<p style=\"text-align: center;\"><span style=\"font-family: times new roman,times; font-size: 12pt;\">1. Przedstawienie za\u0142o\u017ce\u0144 i harmonogramu dalszych prac nad LSR <\/span><\/p>\n<p style=\"text-align: center;\"><span style=\"font-family: times new roman,times; font-size: 12pt;\">(wprowadzenie do zagadnienia, przedstawienie mo\u017cliwych \u017ar\u00f3de\u0142 finansowania LSR w nowej perspektywie UE 2014-2020).<\/span><\/p>\n<p style=\"text-align: center;\"><span style=\"font-family: times new roman,times; font-size: 12pt;\">2. Prezentacja wniosk\u00f3w z\u00a0 przeprowadzonej diagnozy obszaru planowanego do obj\u0119cia LSR.<\/span><\/p>\n<p style=\"text-align: center;\"><span style=\"font-family: times new roman,times; font-size: 12pt;\">3. Analiza s\u0142abych i mocnych stron, szans i zagro\u017ce\u0144 (SWOT).<\/span><\/p>\n<p style=\"text-align: center;\"><span style=\"font-family: times new roman,times; font-size: 12pt;\">4. Wst\u0119pne wyznaczenie wizji, misji oraz cel\u00f3w LSR.<\/span><\/p>\n<p style=\"text-align: center;\"><span style=\"font-family: times new roman,times; font-size: 12pt;\"><strong>\u00a0<\/strong><\/span><\/p>\n<p style=\"text-align: center;\"><span style=\"font-family: times new roman,times; font-size: 12pt;\"><strong>Terminy spotka\u0144 w poszczeg\u00f3lnych gminach z obszaru Lokalnej Grupy Dzia\u0142ania:<\/strong><\/span><\/p>\n<p style=\"text-align: center;\"><span style=\"font-family: times new roman,times; font-size: 12pt;\">\u00a0<\/span><\/p>\n<table style=\"width: 612px; height: 559px; margin-left: auto; margin-right: auto;\" border=\"tak\" width=\"614\">\n<tbody>\n<tr>\n<td style=\"text-align: center;\" width=\"75\">\n<p><span style=\"font-family: times new roman,times; font-size: 12pt;\">L.p.<\/span><\/p>\n<\/td>\n<td style=\"text-align: center;\" width=\"92\">\n<p><span style=\"font-family: times new roman,times; font-size: 12pt;\">Nazwa Gminy<\/span><\/p>\n<\/td>\n<td style=\"text-align: center;\" width=\"253\">\n<p><span style=\"font-family: times new roman,times; font-size: 12pt;\">Miejsce spotkania<\/span><\/p>\n<\/td>\n<td style=\"text-align: center;\" width=\"193\">\n<p><span style=\"font-family: times new roman,times; font-size: 12pt;\">Termin spotkania<\/span><\/p>\n<\/td>\n<\/tr>\n<tr style=\"text-align: center;\">\n<td style=\"text-align: center;\" width=\"75\"><span style=\"font-family: times new roman,times; font-size: 12pt;\">\u00a01.<\/span><\/td>\n<td style=\"text-align: center;\" width=\"92\">\n<p><span style=\"font-family: times new roman,times; font-size: 12pt;\">Gmina Byto\u0144<\/span><\/p>\n<\/td>\n<td style=\"text-align: center;\" width=\"253\">\n<p><span style=\"font-family: times new roman,times; font-size: 12pt;\">Urz\u0105d Gminy Byto\u0144<\/span><\/p>\n<p><span style=\"font-family: times new roman,times; font-size: 12pt;\">Byto\u0144 72, 88-231 Byto\u0144<\/span><\/p>\n<\/td>\n<td style=\"text-align: center;\" width=\"193\">\n<p><span style=\"font-family: times new roman,times; font-size: 12pt;\">17.08.2015 (poniedzia\u0142ek)<\/span><\/p>\n<p><span style=\"font-family: times new roman,times; font-size: 12pt;\">godz. 10.00<\/span><\/p>\n<p>\u00a0<\/p>\n<\/td>\n<\/tr>\n<tr>\n<td style=\"text-align: center;\" width=\"75\"><span style=\"font-family: times new roman,times; font-size: 12pt;\">\u00a02.<\/span><\/td>\n<td style=\"text-align: center;\" width=\"92\">\n<p><span style=\"font-family: times new roman,times; font-size: 12pt;\">Gmina Dobre<\/span><\/p>\n<\/td>\n<td style=\"text-align: center;\" width=\"253\">\n<p><span style=\"font-family: times new roman,times; font-size: 12pt;\">Urz\u0105d Gminy Dobre<\/span><\/p>\n<p><span style=\"font-family: times new roman,times; font-size: 12pt;\">ul. Dworcowa 6, 88-210 Dobre<\/span><\/p>\n<\/td>\n<td style=\"text-align: center;\" width=\"193\">\n<p><span style=\"font-family: times new roman,times; font-size: 12pt;\">19.08.2015 (\u015broda)<\/span><\/p>\n<p><span style=\"font-family: times new roman,times; font-size: 12pt;\">godz. 10.00<\/span><\/p>\n<p>\u00a0<\/p>\n<\/td>\n<\/tr>\n<tr>\n<td style=\"text-align: center;\" width=\"75\"><span style=\"font-family: times new roman,times; font-size: 12pt;\">\u00a03.<\/span><\/td>\n<td style=\"text-align: center;\" width=\"92\">\n<p><span style=\"font-family: times new roman,times; font-size: 12pt;\">Gmina <\/span><\/p>\n<p><span style=\"font-family: times new roman,times; font-size: 12pt;\">Osi\u0119ciny<\/span><\/p>\n<\/td>\n<td style=\"text-align: center;\" width=\"253\">\n<p><span style=\"font-family: times new roman,times; font-size: 12pt;\">Urz\u0105d Gminy Osi\u0119ciny<\/span><\/p>\n<p><span style=\"font-family: times new roman,times; font-size: 12pt;\">ul. I Armii Wojska Polskiego 14,<\/span><\/p>\n<p><span style=\"font-family: times new roman,times; font-size: 12pt;\">88-220 Osi\u0119ciny<\/span><\/p>\n<p>\u00a0<\/p>\n<\/td>\n<td style=\"text-align: center;\" width=\"193\">\n<p><span style=\"font-family: times new roman,times; font-size: 12pt;\">21.08.2015 (pi\u0105tek)<\/span><\/p>\n<p><span style=\"font-family: times new roman,times; font-size: 12pt;\">godz. 10.00<\/span><\/p>\n<p>\u00a0<\/p>\n<\/td>\n<\/tr>\n<tr>\n<td style=\"text-align: center;\" width=\"75\"><span style=\"font-family: times new roman,times; font-size: 12pt;\">\u00a04.<\/span><\/td>\n<td style=\"text-align: center;\" width=\"92\">\n<p><span style=\"font-family: times new roman,times; font-size: 12pt;\">Miasto <\/span><\/p>\n<p><span style=\"font-family: times new roman,times; font-size: 12pt;\">i Gmina <\/span><\/p>\n<p><span style=\"font-family: times new roman,times; font-size: 12pt;\">Piotrk\u00f3w <\/span><\/p>\n<p><span style=\"font-family: times new roman,times; font-size: 12pt;\">Kujawski<\/span><\/p>\n<\/td>\n<td style=\"text-align: center;\" width=\"253\">\n<p><span style=\"font-family: times new roman,times; font-size: 12pt;\">Urz\u0105d Miasta i Gminy <\/span><\/p>\n<p><span style=\"font-family: times new roman,times; font-size: 12pt;\">Piotrk\u00f3w Kujawski<\/span><\/p>\n<p><span style=\"font-family: times new roman,times; font-size: 12pt;\">ul. Ko\u015bcielna 1,<\/span><\/p>\n<p><span style=\"font-family: times new roman,times; font-size: 12pt;\">88-230 Piotrk\u00f3w Kujawski<\/span><\/p>\n<p>\u00a0<\/p>\n<\/td>\n<td style=\"text-align: center;\" width=\"193\">\n<p><span style=\"font-family: times new roman,times; font-size: 12pt;\">24.08.2015 (poniedzia\u0142ek)<\/span><\/p>\n<p><span style=\"font-family: times new roman,times; font-size: 12pt;\">godz. 10.00<\/span><\/p>\n<\/td>\n<\/tr>\n<tr>\n<td style=\"text-align: center;\" width=\"75\"><span style=\"font-family: times new roman,times; font-size: 12pt;\">\u00a05.<\/span><\/td>\n<td style=\"text-align: center;\" width=\"92\">\n<p><span style=\"font-family: times new roman,times; font-size: 12pt;\">Gmina <\/span><\/p>\n<p><span style=\"font-family: times new roman,times; font-size: 12pt;\">Radziej\u00f3w<\/span><\/p>\n<\/td>\n<td style=\"text-align: center;\" width=\"253\">\n<p><span style=\"font-family: times new roman,times; font-size: 12pt;\">Gminny O\u015brodek Kultury w Czo\u0142owie, <\/span><\/p>\n<p><span style=\"font-family: times new roman,times; font-size: 12pt;\">Czo\u0142owo 83A, 88-200 Radziej\u00f3w<\/span><\/p>\n<p>\u00a0<\/p>\n<\/td>\n<td style=\"text-align: center;\" width=\"193\">\n<p><span style=\"font-family: times new roman,times; font-size: 12pt;\">26.08.2015 (\u015broda)<\/span><\/p>\n<p><span style=\"font-family: times new roman,times; font-size: 12pt;\">godz. 10.00<\/span><\/p>\n<p>\u00a0<\/p>\n<\/td>\n<\/tr>\n<tr>\n<td style=\"text-align: center;\" width=\"75\"><span style=\"font-family: times new roman,times; font-size: 12pt;\">\u00a06.<\/span><\/td>\n<td style=\"text-align: center;\" width=\"92\">\n<p><span style=\"font-family: times new roman,times; font-size: 12pt;\">Gmina Miasto <\/span><\/p>\n<p><span style=\"font-family: times new roman,times; font-size: 12pt;\">Radziej\u00f3w<\/span><\/p>\n<\/td>\n<td style=\"text-align: center;\" width=\"253\">\n<p><span style=\"font-family: times new roman,times; font-size: 12pt;\">sala konferencyjna Urz\u0119du Gminy <\/span><\/p>\n<p><span style=\"font-family: times new roman,times; font-size: 12pt;\">w Radziejowie, ul. Ko\u015bciuszki 20\/22,<\/span><\/p>\n<p><span style=\"font-family: times new roman,times; font-size: 12pt;\"> 88-200 Radziej\u00f3w<\/span><\/p>\n<p>\u00a0<\/p>\n<\/td>\n<td style=\"text-align: center;\" width=\"193\">\n<p><span style=\"font-family: times new roman,times; font-size: 12pt;\">28.08.2015 (pi\u0105tek)<\/span><\/p>\n<p><span style=\"font-family: times new roman,times; font-size: 12pt;\">godz. 10.00<\/span><\/p>\n<p>\u00a0<\/p>\n<\/td>\n<\/tr>\n<tr>\n<td style=\"text-align: center;\" width=\"75\"><span style=\"font-family: times new roman,times; font-size: 12pt;\">\u00a07.<\/span><\/td>\n<td style=\"text-align: center;\" width=\"92\">\n<p><span style=\"font-family: times new roman,times; font-size: 12pt;\">Gmina <\/span><\/p>\n<p><span style=\"font-family: times new roman,times; font-size: 12pt;\">Top\u00f3lka<\/span><\/p>\n<\/td>\n<td style=\"text-align: center;\" width=\"253\">\n<p><span style=\"font-family: times new roman,times; font-size: 12pt;\">Urz\u0105d Gminy Top\u00f3lka<\/span><\/p>\n<p><span style=\"font-family: times new roman,times; font-size: 12pt;\">Top\u00f3lka 22, 87-875 Top\u00f3lka<\/span><\/p>\n<p>\u00a0<\/p>\n<\/td>\n<td style=\"text-align: center;\" width=\"193\">\n<p><span style=\"font-family: times new roman,times; font-size: 12pt;\">31.08.2015 (poniedzia\u0142ek)<\/span><\/p>\n<p><span style=\"font-family: times new roman,times; font-size: 12pt;\">godz. 10.00<\/span><\/p>\n<p>\u00a0<\/p>\n<\/td>\n<\/tr>\n<\/tbody>\n<\/table>\n<p style=\"text-align: center;\"><span style=\"font-family: times new roman,times; font-size: 12pt;\">Opinie i uwagi uzyskane od Pa\u0144stwa podczas spotka\u0144 konsultacyjnych\u00a0pozwol\u0105 zidentyfikowa\u0107 najwa\u017cniejsze problemy <\/span><\/p>\n<p style=\"text-align: center;\"><span style=\"font-family: times new roman,times; font-size: 12pt;\">i potrzeby oraz przygotowa\u0107 now\u0105 lokaln\u0105 strategi\u0119 rozwoju.<\/span><\/p>\n<p style=\"text-align: center;\"><span style=\"font-family: times new roman,times; font-size: 12pt;\">Uprzejmie prosimy o potwierdzenie uczestnictwa do 10 sierpnia 2015 r. do godz. 15.30 \u00a0<\/span><\/p>\n<p style=\"text-align: center;\"><span style=\"font-family: times new roman,times; font-size: 12pt;\">pod nr telefonu: 530\u00a0900 618 lub e-mail: <a>radziejow@lgd.com.pl<\/a><\/span><\/p>\n<p style=\"text-align: center;\">\u00a0<\/p>\n<p style=\"text-align: center;\"><span style=\"font-size: 14pt;\"><strong><span style=\"font-family: times new roman,times;\">Zapraszamy!!!<\/span><\/strong><\/span><\/p>\n","protected":false},"excerpt":{"rendered":"<p>Zarz\u0105d Lokalnej Grupy Dzia\u0142ania serdecznie zaprasza mieszka\u0144c\u00f3w Powiatu Radziejowskiego, przedstawicieli lokalnych instytucji publicznych, przedsi\u0119biorc\u00f3w i organizacji spo\u0142ecznych na otwarte spotkania dotycz\u0105ce tworzenia nowej wielofunduszowej Lokalnej Strategii Rozwoju (LSR) na lata 2016 -2023. Lokalna Grupa Dzia\u0142ania \u201eRazem dla Powiatu Radziejowskiego\u201d (LGD) w ramach nowego okresu programowania 2014 \u2013 2020 przyst\u0119puje do opracowania Lokalnej Strategii Rozwoju, kt\u00f3ra [&hellip;]<\/p>\n","protected":false},"author":1,"featured_media":0,"comment_status":"open","ping_status":"open","sticky":false,"template":"","format":"standard","meta":{"footnotes":""},"categories":[7],"tags":[],"_links":{"self":[{"href":"https:\/\/lgd.com.pl\/archiwum24\/wp-json\/wp\/v2\/posts\/701"}],"collection":[{"href":"https:\/\/lgd.com.pl\/archiwum24\/wp-json\/wp\/v2\/posts"}],"about":[{"href":"https:\/\/lgd.com.pl\/archiwum24\/wp-json\/wp\/v2\/types\/post"}],"author":[{"embeddable":true,"href":"https:\/\/lgd.com.pl\/archiwum24\/wp-json\/wp\/v2\/users\/1"}],"replies":[{"embeddable":true,"href":"https:\/\/lgd.com.pl\/archiwum24\/wp-json\/wp\/v2\/comments?post=701"}],"version-history":[{"count":0,"href":"https:\/\/lgd.com.pl\/archiwum24\/wp-json\/wp\/v2\/posts\/701\/revisions"}],"wp:attachment":[{"href":"https:\/\/lgd.com.pl\/archiwum24\/wp-json\/wp\/v2\/media?parent=701"}],"wp:term":[{"taxonomy":"category","embeddable":true,"href":"https:\/\/lgd.com.pl\/archiwum24\/wp-json\/wp\/v2\/categories?post=701"},{"taxonomy":"post_tag","embeddable":true,"href":"https:\/\/lgd.com.pl\/archiwum24\/wp-json\/wp\/v2\/tags?post=701"}],"curies":[{"name":"wp","href":"https:\/\/api.w.org\/{rel}","templated":true}]}}