{"id":699,"date":"2015-07-15T12:33:30","date_gmt":"2015-07-15T10:33:30","guid":{"rendered":"http:\/\/lgd.com.pl\/2015\/07\/15\/posiedzenie\/"},"modified":"2015-07-15T12:33:30","modified_gmt":"2015-07-15T10:33:30","slug":"posiedzenie","status":"publish","type":"post","link":"https:\/\/lgd.com.pl\/archiwum24\/posiedzenie\/","title":{"rendered":"Posiedzenie Zarz\u0105du LGD"},"content":{"rendered":"<p class=\"Standard\"><span style=\"font-size: 10pt;\"><span lang=\"DE\">W dniu 15 lipca 2015 r. odby\u0142o si\u0119 posiedzenie Zarz\u0105du Lokalnej Grupy Dzia\u0142ania &#8220;Razem dla Powiatu Radziejowskiego&#8221;.<\/span><\/span><\/p>\n<p class=\"Standard\"><span style=\"line-height: 1.3em; font-size: 10pt;\">Podczas posiedzenia Zarz\u0105d przyj\u0105\u0142 projekty uchwa\u0142 Walnego Zebrania Cz\u0142onk\u00f3w LGD, kt\u00f3re odb\u0119dzie si\u0119 22 lipca 2015 r.<\/span><\/p>\n<p class=\"Standard\"><span style=\"line-height: 1.3em; font-size: 10pt;\"><a href=\"http:\/\/lgd.com.pl\/wp-content\/uploads\/2015\/07\/uchwaly_wzc_22lipca.PDF\" target=\"_blank\" rel=\"alternate\">Projekty uchwa\u0142 Walnego Zebrania Cz\u0142onk\u00f3w LGD<\/a><\/span><\/p>\n","protected":false},"excerpt":{"rendered":"<p>W dniu 15 lipca 2015 r. odby\u0142o si\u0119 posiedzenie Zarz\u0105du Lokalnej Grupy Dzia\u0142ania &#8220;Razem dla Powiatu Radziejowskiego&#8221;. Podczas posiedzenia Zarz\u0105d przyj\u0105\u0142 projekty uchwa\u0142 Walnego Zebrania Cz\u0142onk\u00f3w LGD, kt\u00f3re odb\u0119dzie si\u0119 22 lipca 2015 r. Projekty uchwa\u0142 Walnego Zebrania Cz\u0142onk\u00f3w LGD<\/p>\n","protected":false},"author":1,"featured_media":0,"comment_status":"open","ping_status":"open","sticky":false,"template":"","format":"standard","meta":{"footnotes":""},"categories":[7],"tags":[],"_links":{"self":[{"href":"https:\/\/lgd.com.pl\/archiwum24\/wp-json\/wp\/v2\/posts\/699"}],"collection":[{"href":"https:\/\/lgd.com.pl\/archiwum24\/wp-json\/wp\/v2\/posts"}],"about":[{"href":"https:\/\/lgd.com.pl\/archiwum24\/wp-json\/wp\/v2\/types\/post"}],"author":[{"embeddable":true,"href":"https:\/\/lgd.com.pl\/archiwum24\/wp-json\/wp\/v2\/users\/1"}],"replies":[{"embeddable":true,"href":"https:\/\/lgd.com.pl\/archiwum24\/wp-json\/wp\/v2\/comments?post=699"}],"version-history":[{"count":0,"href":"https:\/\/lgd.com.pl\/archiwum24\/wp-json\/wp\/v2\/posts\/699\/revisions"}],"wp:attachment":[{"href":"https:\/\/lgd.com.pl\/archiwum24\/wp-json\/wp\/v2\/media?parent=699"}],"wp:term":[{"taxonomy":"category","embeddable":true,"href":"https:\/\/lgd.com.pl\/archiwum24\/wp-json\/wp\/v2\/categories?post=699"},{"taxonomy":"post_tag","embeddable":true,"href":"https:\/\/lgd.com.pl\/archiwum24\/wp-json\/wp\/v2\/tags?post=699"}],"curies":[{"name":"wp","href":"https:\/\/api.w.org\/{rel}","templated":true}]}}