{"id":5408,"date":"2023-07-05T11:58:32","date_gmt":"2023-07-05T09:58:32","guid":{"rendered":"https:\/\/lgd.com.pl\/?p=5408"},"modified":"2023-07-05T12:52:43","modified_gmt":"2023-07-05T10:52:43","slug":"aktywni-i-zintegrowani-w-powiecie-radziejowskim-doskonalenie-techniki-jazdy-pojazdami-uprzywilejowanymi","status":"publish","type":"post","link":"https:\/\/lgd.com.pl\/archiwum24\/aktywni-i-zintegrowani-w-powiecie-radziejowskim-doskonalenie-techniki-jazdy-pojazdami-uprzywilejowanymi\/","title":{"rendered":"Aktywni i zintegrowani w Powiecie Radziejowskim &#8211; doskonalenie techniki jazdy pojazdami uprzywilejowanymi"},"content":{"rendered":"\n<figure class=\"wp-block-image size-large\"><img loading=\"lazy\" decoding=\"async\" width=\"1024\" height=\"105\" src=\"https:\/\/lgd.com.pl\/archiwum24\/wp-content\/uploads\/2018\/10\/efs-kolor-flaga-1024x105.jpg\" alt=\"\" class=\"wp-image-3164\" srcset=\"https:\/\/lgd.com.pl\/archiwum24\/wp-content\/uploads\/2018\/10\/efs-kolor-flaga-1024x105.jpg 1024w, https:\/\/lgd.com.pl\/archiwum24\/wp-content\/uploads\/2018\/10\/efs-kolor-flaga-300x31.jpg 300w, https:\/\/lgd.com.pl\/archiwum24\/wp-content\/uploads\/2018\/10\/efs-kolor-flaga-768x79.jpg 768w, https:\/\/lgd.com.pl\/archiwum24\/wp-content\/uploads\/2018\/10\/efs-kolor-flaga-696x71.jpg 696w, https:\/\/lgd.com.pl\/archiwum24\/wp-content\/uploads\/2018\/10\/efs-kolor-flaga-1068x109.jpg 1068w, https:\/\/lgd.com.pl\/archiwum24\/wp-content\/uploads\/2018\/10\/efs-kolor-flaga.jpg 1649w\" sizes=\"(max-width: 1024px) 100vw, 1024px\" \/><\/figure>\n\n\n\n<p>Czerwiec i pocz\u0105tek lipca by\u0142 czasem aktywnego wsparcia i szkolenia stra\u017cak\u00f3w ochotnik\u00f3w z powiatu radziejowskiego w zakresie doskonalenia techniki jazdy pojazdami uprzywilejowanymi. \u00a0<\/p>\n\n\n\n<p>Kurs, w kt\u00f3rym wzi\u0119\u0142o udzia\u0142 10 stra\u017cak\u00f3w, sk\u0142ada\u0142 si\u0119 z cz\u0119\u015bci teoretycznej (6 godzin) i praktycznej (8 godzin). Teoretyczna cz\u0119\u015b\u0107 szkolenia kierowc\u00f3w zawiera\u0142a przypomnienie i utrwalenie przepis\u00f3w ruchu drogowego, mechanizmy wypadk\u00f3w drogowych oraz ich skutki, psychologiczne podstawy transportu uprzywilejowanego oraz kierowanie pojazdem w warunkach specjalnych.<\/p>\n\n\n\n<p>Po teoretycznej cz\u0119\u015bci szkolenia stra\u017cacy pojechali do Torunia, \u017ceby sprawdzi\u0107 swoje umiej\u0119tno\u015bci w praktyce. \u0106wiczenia odbywa\u0142y si\u0119 na p\u0142ycie po\u015blizgowej O\u015brodka Doskonalenia Techniki Jazdy w Toruniu. Podstawowym celem \u0107wicze\u0144 by\u0142o przygotowanie kierowc\u00f3w do ekstremalnych sytuacji drogowych oraz wychodzenia z nich w bezpieczny spos\u00f3b.<\/p>\n\n\n\n<p>Szkolenie kierowc\u00f3w pojazd\u00f3w uprzywilejowanych ko\u0144czy\u0142o si\u0119 dwucz\u0119\u015bciowym egzaminem oraz wydaniem za\u015bwiadcze\u0144 o uko\u0144czeniu szkolenia dla kieruj\u0105cych pojazdami uprzywilejowanymi.<\/p>\n\n\n\n<p><strong>Wszystkim uczestnikom dzi\u0119kujemy za udzia\u0142 w szkoleniu, gratulujemy zdania egzaminu, \u017cyczymy bezpiecznej s\u0142u\u017cby i zawsze szcz\u0119\u015bliwych powrot\u00f3w z akcji.<\/strong><\/p>\n\n\n\n<figure class=\"wp-block-image size-large\"><a href=\"https:\/\/lgd.com.pl\/archiwum24\/wp-content\/uploads\/2023\/07\/IMG_5775-scaled.jpg\"><img loading=\"lazy\" decoding=\"async\" width=\"1024\" height=\"768\" src=\"https:\/\/lgd.com.pl\/archiwum24\/wp-content\/uploads\/2023\/07\/IMG_5775-1024x768.jpg\" alt=\"\" class=\"wp-image-5411\" srcset=\"https:\/\/lgd.com.pl\/archiwum24\/wp-content\/uploads\/2023\/07\/IMG_5775-1024x768.jpg 1024w, https:\/\/lgd.com.pl\/archiwum24\/wp-content\/uploads\/2023\/07\/IMG_5775-300x225.jpg 300w, https:\/\/lgd.com.pl\/archiwum24\/wp-content\/uploads\/2023\/07\/IMG_5775-768x576.jpg 768w, https:\/\/lgd.com.pl\/archiwum24\/wp-content\/uploads\/2023\/07\/IMG_5775-1536x1152.jpg 1536w, https:\/\/lgd.com.pl\/archiwum24\/wp-content\/uploads\/2023\/07\/IMG_5775-2048x1536.jpg 2048w, https:\/\/lgd.com.pl\/archiwum24\/wp-content\/uploads\/2023\/07\/IMG_5775-80x60.jpg 80w, https:\/\/lgd.com.pl\/archiwum24\/wp-content\/uploads\/2023\/07\/IMG_5775-265x198.jpg 265w, https:\/\/lgd.com.pl\/archiwum24\/wp-content\/uploads\/2023\/07\/IMG_5775-696x522.jpg 696w, https:\/\/lgd.com.pl\/archiwum24\/wp-content\/uploads\/2023\/07\/IMG_5775-1068x801.jpg 1068w, https:\/\/lgd.com.pl\/archiwum24\/wp-content\/uploads\/2023\/07\/IMG_5775-560x420.jpg 560w\" sizes=\"(max-width: 1024px) 100vw, 1024px\" \/><\/a><\/figure>\n\n\n\n<figure class=\"wp-block-image size-large\"><a href=\"https:\/\/lgd.com.pl\/archiwum24\/wp-content\/uploads\/2023\/07\/IMG_5776-scaled.jpg\"><img loading=\"lazy\" decoding=\"async\" width=\"1024\" height=\"768\" src=\"https:\/\/lgd.com.pl\/archiwum24\/wp-content\/uploads\/2023\/07\/IMG_5776-1024x768.jpg\" alt=\"\" class=\"wp-image-5410\" srcset=\"https:\/\/lgd.com.pl\/archiwum24\/wp-content\/uploads\/2023\/07\/IMG_5776-1024x768.jpg 1024w, https:\/\/lgd.com.pl\/archiwum24\/wp-content\/uploads\/2023\/07\/IMG_5776-300x225.jpg 300w, https:\/\/lgd.com.pl\/archiwum24\/wp-content\/uploads\/2023\/07\/IMG_5776-768x576.jpg 768w, https:\/\/lgd.com.pl\/archiwum24\/wp-content\/uploads\/2023\/07\/IMG_5776-1536x1152.jpg 1536w, https:\/\/lgd.com.pl\/archiwum24\/wp-content\/uploads\/2023\/07\/IMG_5776-2048x1536.jpg 2048w, https:\/\/lgd.com.pl\/archiwum24\/wp-content\/uploads\/2023\/07\/IMG_5776-80x60.jpg 80w, https:\/\/lgd.com.pl\/archiwum24\/wp-content\/uploads\/2023\/07\/IMG_5776-265x198.jpg 265w, https:\/\/lgd.com.pl\/archiwum24\/wp-content\/uploads\/2023\/07\/IMG_5776-696x522.jpg 696w, https:\/\/lgd.com.pl\/archiwum24\/wp-content\/uploads\/2023\/07\/IMG_5776-1068x801.jpg 1068w, https:\/\/lgd.com.pl\/archiwum24\/wp-content\/uploads\/2023\/07\/IMG_5776-560x420.jpg 560w\" sizes=\"(max-width: 1024px) 100vw, 1024px\" \/><\/a><\/figure>\n","protected":false},"excerpt":{"rendered":"<p>Czerwiec i pocz\u0105tek lipca by\u0142 czasem aktywnego wsparcia i szkolenia stra\u017cak\u00f3w ochotnik\u00f3w z powiatu radziejowskiego w zakresie doskonalenia techniki jazdy pojazdami uprzywilejowanymi. \u00a0 Kurs, w kt\u00f3rym wzi\u0119\u0142o udzia\u0142 10 stra\u017cak\u00f3w, sk\u0142ada\u0142 si\u0119 z cz\u0119\u015bci teoretycznej (6 godzin) i praktycznej (8 godzin). Teoretyczna cz\u0119\u015b\u0107 szkolenia kierowc\u00f3w zawiera\u0142a przypomnienie i utrwalenie przepis\u00f3w ruchu drogowego, mechanizmy wypadk\u00f3w drogowych [&hellip;]<\/p>\n","protected":false},"author":2,"featured_media":5412,"comment_status":"open","ping_status":"open","sticky":false,"template":"","format":"standard","meta":{"footnotes":""},"categories":[7,17],"tags":[],"_links":{"self":[{"href":"https:\/\/lgd.com.pl\/archiwum24\/wp-json\/wp\/v2\/posts\/5408"}],"collection":[{"href":"https:\/\/lgd.com.pl\/archiwum24\/wp-json\/wp\/v2\/posts"}],"about":[{"href":"https:\/\/lgd.com.pl\/archiwum24\/wp-json\/wp\/v2\/types\/post"}],"author":[{"embeddable":true,"href":"https:\/\/lgd.com.pl\/archiwum24\/wp-json\/wp\/v2\/users\/2"}],"replies":[{"embeddable":true,"href":"https:\/\/lgd.com.pl\/archiwum24\/wp-json\/wp\/v2\/comments?post=5408"}],"version-history":[{"count":5,"href":"https:\/\/lgd.com.pl\/archiwum24\/wp-json\/wp\/v2\/posts\/5408\/revisions"}],"predecessor-version":[{"id":5469,"href":"https:\/\/lgd.com.pl\/archiwum24\/wp-json\/wp\/v2\/posts\/5408\/revisions\/5469"}],"wp:featuredmedia":[{"embeddable":true,"href":"https:\/\/lgd.com.pl\/archiwum24\/wp-json\/wp\/v2\/media\/5412"}],"wp:attachment":[{"href":"https:\/\/lgd.com.pl\/archiwum24\/wp-json\/wp\/v2\/media?parent=5408"}],"wp:term":[{"taxonomy":"category","embeddable":true,"href":"https:\/\/lgd.com.pl\/archiwum24\/wp-json\/wp\/v2\/categories?post=5408"},{"taxonomy":"post_tag","embeddable":true,"href":"https:\/\/lgd.com.pl\/archiwum24\/wp-json\/wp\/v2\/tags?post=5408"}],"curies":[{"name":"wp","href":"https:\/\/api.w.org\/{rel}","templated":true}]}}