{"id":5330,"date":"2023-05-31T16:33:21","date_gmt":"2023-05-31T14:33:21","guid":{"rendered":"https:\/\/lgd.com.pl\/?p=5330"},"modified":"2023-05-31T16:33:21","modified_gmt":"2023-05-31T14:33:21","slug":"przypominamy-o-konkursie-fotograficznym","status":"publish","type":"post","link":"https:\/\/lgd.com.pl\/archiwum24\/przypominamy-o-konkursie-fotograficznym\/","title":{"rendered":"Przypominamy o konkursie fotograficznym"},"content":{"rendered":"\n<p>Szanowni Pa\u0144stwo,<\/p>\n\n\n\n<p>ponawiamy zaproszenie do udzia\u0142u w konkursie fotograficznym. Celem konkursu jest prezentacja i promocja atrakcyjnych turystycznie miejsc na obszarze LGD \u201eRazem dla Powiatu Radziejowskiego\u201d oraz wzrost wiedzy i zainteresowania spo\u0142eczno\u015bci lokalnej walorami przyrodniczymi, kulturowymi i historycznymi regionu.<\/p>\n\n\n\n<p>Jednocze\u015bnie informujemy, \u017ce zaktualizowany zosta\u0142 regulamin w punkcie dotycz\u0105cym wymaganej rozdzielczo\u015bci przesy\u0142anych zdj\u0119\u0107. Je\u017celi macie zdj\u0119cia o rozdzielczo\u015bci mniejszej ni\u017c 300 dpi r\u00f3wnie\u017c mo\u017cecie je przes\u0142a\u0107 i wzi\u0105\u0107 udzia\u0142 w konkursie. <\/p>\n\n\n\n<div class=\"wp-block-file\"><a id=\"wp-block-file--media-2325313e-250f-4606-bfbf-6584dc49c48b\" href=\"https:\/\/lgd.com.pl\/archiwum24\/wp-content\/uploads\/2023\/05\/Regulmin-konkursu-fotograficznego-aktualizacja.pdf\" target=\"_blank\" rel=\"noreferrer noopener\">Regulamin konkursu fotograficznego-aktualizacja<\/a><a href=\"https:\/\/lgd.com.pl\/archiwum24\/wp-content\/uploads\/2023\/05\/Regulmin-konkursu-fotograficznego-aktualizacja.pdf\" class=\"wp-block-file__button wp-element-button\" download aria-describedby=\"wp-block-file--media-2325313e-250f-4606-bfbf-6584dc49c48b\">Pobierz<\/a><\/div>\n\n\n\n<p>Pierwsze zdj\u0119cia ju\u017c wp\u0142yn\u0119\u0142y wi\u0119c je\u015bli lubisz robi\u0107 zdj\u0119cia i jeste\u015b mieszka\u0144cem powiatu Radziejowskiego, to ten konkurs jest w\u0142a\u015bnie dla Ciebie.<\/p>\n","protected":false},"excerpt":{"rendered":"<p>Szanowni Pa\u0144stwo, ponawiamy zaproszenie do udzia\u0142u w konkursie fotograficznym. Celem konkursu jest prezentacja i promocja atrakcyjnych turystycznie miejsc na obszarze LGD \u201eRazem dla Powiatu Radziejowskiego\u201d oraz wzrost wiedzy i zainteresowania spo\u0142eczno\u015bci lokalnej walorami przyrodniczymi, kulturowymi i historycznymi regionu. Jednocze\u015bnie informujemy, \u017ce zaktualizowany zosta\u0142 regulamin w punkcie dotycz\u0105cym wymaganej rozdzielczo\u015bci przesy\u0142anych zdj\u0119\u0107. Je\u017celi macie zdj\u0119cia o [&hellip;]<\/p>\n","protected":false},"author":2,"featured_media":5203,"comment_status":"open","ping_status":"open","sticky":false,"template":"","format":"standard","meta":{"footnotes":""},"categories":[7,17],"tags":[],"_links":{"self":[{"href":"https:\/\/lgd.com.pl\/archiwum24\/wp-json\/wp\/v2\/posts\/5330"}],"collection":[{"href":"https:\/\/lgd.com.pl\/archiwum24\/wp-json\/wp\/v2\/posts"}],"about":[{"href":"https:\/\/lgd.com.pl\/archiwum24\/wp-json\/wp\/v2\/types\/post"}],"author":[{"embeddable":true,"href":"https:\/\/lgd.com.pl\/archiwum24\/wp-json\/wp\/v2\/users\/2"}],"replies":[{"embeddable":true,"href":"https:\/\/lgd.com.pl\/archiwum24\/wp-json\/wp\/v2\/comments?post=5330"}],"version-history":[{"count":1,"href":"https:\/\/lgd.com.pl\/archiwum24\/wp-json\/wp\/v2\/posts\/5330\/revisions"}],"predecessor-version":[{"id":5332,"href":"https:\/\/lgd.com.pl\/archiwum24\/wp-json\/wp\/v2\/posts\/5330\/revisions\/5332"}],"wp:featuredmedia":[{"embeddable":true,"href":"https:\/\/lgd.com.pl\/archiwum24\/wp-json\/wp\/v2\/media\/5203"}],"wp:attachment":[{"href":"https:\/\/lgd.com.pl\/archiwum24\/wp-json\/wp\/v2\/media?parent=5330"}],"wp:term":[{"taxonomy":"category","embeddable":true,"href":"https:\/\/lgd.com.pl\/archiwum24\/wp-json\/wp\/v2\/categories?post=5330"},{"taxonomy":"post_tag","embeddable":true,"href":"https:\/\/lgd.com.pl\/archiwum24\/wp-json\/wp\/v2\/tags?post=5330"}],"curies":[{"name":"wp","href":"https:\/\/api.w.org\/{rel}","templated":true}]}}