{"id":5275,"date":"2023-04-28T15:43:08","date_gmt":"2023-04-28T13:43:08","guid":{"rendered":"https:\/\/lgd.com.pl\/?p=5275"},"modified":"2023-05-02T11:00:47","modified_gmt":"2023-05-02T09:00:47","slug":"zaproszenie-na-spotkanie-konsultacyjne-lsr","status":"publish","type":"post","link":"https:\/\/lgd.com.pl\/archiwum24\/zaproszenie-na-spotkanie-konsultacyjne-lsr\/","title":{"rendered":"ZAPROSZENIE NA SPOTKANIE KONSULTACYJNE LSR"},"content":{"rendered":"\n<p>Lokalna Grupa Dzia\u0142ania \u201eRazem dla Powiatu Radziejowskiego\u201d ponownie zaprasza mieszka\u0144c\u00f3w, przedstawicieli so\u0142ectw, rad so\u0142eckich oraz lokalnych K\u00f3\u0142 Gospody\u0144 Wiejskich oraz senior\u00f3w na spotkania konsultacyjne.<\/p>\n\n\n\n<p class=\"has-background\" style=\"background:linear-gradient(135deg,rgb(255,203,112) 0%,rgb(199,81,192) 73%,rgb(65,88,208) 92%)\"><strong>Sprawd\u017a poni\u017cej kiedy b\u0119dziemy w Twojej gminie!<\/strong><\/p>\n\n\n\n<p>W trakcie spotkania:<\/p>\n\n\n\n<p><img loading=\"lazy\" decoding=\"async\" width=\"150\" height=\"124\" class=\"wp-image-5276\" style=\"width: 150px;\" src=\"https:\/\/lgd.com.pl\/archiwum24\/wp-content\/uploads\/2023\/04\/pomysly.jpg\" alt=\"\">Jeszcze raz om\u00f3wimy obszary tematyczne mo\u017cliwe do wspierania przez LGD w nowym okresie finansowania. Przeprowadzimy wywiad pog\u0142\u0119biony na temat potrzeb oraz potencja\u0142u so\u0142ectw, lokalnych KGW oraz organizacji w zakresie pozyskiwania \u015brodk\u00f3w zewn\u0119trznych i realizacji lokalnych inicjatyw dofinansowanych z funduszy europejskich. <\/p>\n\n\n\n<p class=\"has-vivid-purple-color has-text-color\">To ostatni moment, \u017ceby zg\u0142osi\u0107 swoje potrzeby i pomys\u0142y na projekty!<\/p>\n\n\n\n<p><br><img loading=\"lazy\" decoding=\"async\" width=\"150\" height=\"150\" class=\"wp-image-5166\" style=\"width: 150px;\" src=\"https:\/\/lgd.com.pl\/archiwum24\/wp-content\/uploads\/2023\/03\/info.jpg\" alt=\"\" srcset=\"https:\/\/lgd.com.pl\/archiwum24\/wp-content\/uploads\/2023\/03\/info.jpg 1920w, https:\/\/lgd.com.pl\/archiwum24\/wp-content\/uploads\/2023\/03\/info-300x300.jpg 300w, https:\/\/lgd.com.pl\/archiwum24\/wp-content\/uploads\/2023\/03\/info-1024x1024.jpg 1024w, https:\/\/lgd.com.pl\/archiwum24\/wp-content\/uploads\/2023\/03\/info-150x150.jpg 150w, https:\/\/lgd.com.pl\/archiwum24\/wp-content\/uploads\/2023\/03\/info-768x768.jpg 768w, https:\/\/lgd.com.pl\/archiwum24\/wp-content\/uploads\/2023\/03\/info-1536x1536.jpg 1536w, https:\/\/lgd.com.pl\/archiwum24\/wp-content\/uploads\/2023\/03\/info-696x696.jpg 696w, https:\/\/lgd.com.pl\/archiwum24\/wp-content\/uploads\/2023\/03\/info-1068x1068.jpg 1068w, https:\/\/lgd.com.pl\/archiwum24\/wp-content\/uploads\/2023\/03\/info-420x420.jpg 420w\" sizes=\"(max-width: 150px) 100vw, 150px\" \/>Zaprezentujemy wnioski ze spotka\u0144 z lokaln\u0105 spo\u0142eczno\u015bci\u0105 prowadzonych we wrze\u015bniu 2022 r., propozycje cel\u00f3w i przedsi\u0119wzi\u0119\u0107 LSR a tak\u017ce podzia\u0142u bud\u017cetu LSR.<\/p>\n\n\n\n<p><img loading=\"lazy\" decoding=\"async\" width=\"150\" height=\"98\" class=\"wp-image-5277\" style=\"width: 150px;\" src=\"https:\/\/lgd.com.pl\/archiwum24\/wp-content\/uploads\/2023\/04\/rozmowa.jpg\" alt=\"\" srcset=\"https:\/\/lgd.com.pl\/archiwum24\/wp-content\/uploads\/2023\/04\/rozmowa.jpg 600w, https:\/\/lgd.com.pl\/archiwum24\/wp-content\/uploads\/2023\/04\/rozmowa-300x195.jpg 300w\" sizes=\"(max-width: 150px) 100vw, 150px\" \/> Poprosimy Was o wskazanie najbardziej skutecznych i preferowanych sposobach komunikowania si\u0119 na linii LGD \u2013 mieszka\u0144cy powiatu radziejowskiego. Strona internetowa, fb, newsletter a mo\u017ce face to face?<\/p>\n\n\n\n<p>Miejsca spotka\u0144 b\u0119d\u0105 dostosowane do potrzeb os\u00f3b z dysfunkcj\u0105 ruchow\u0105. W przypadku wyst\u0105pienia innych potrzeb organizacyjnych, wynikaj\u0105cych z niepe\u0142nosprawno\u015bci, prosimy o przekazanie takiej informacji do biura LGD (tel. 530 900 618) najp\u00f3\u017aniej na 2 dni robocze przed terminem konsultacji, w celu odpowiedniego przygotowania miejsca.<\/p>\n\n\n\n<figure class=\"wp-block-image size-large\"><a href=\"https:\/\/lgd.com.pl\/archiwum24\/wp-content\/uploads\/2023\/04\/plakat-maja-2023-TOPOLKA-ALL.png\"><img loading=\"lazy\" decoding=\"async\" width=\"724\" height=\"1024\" src=\"https:\/\/lgd.com.pl\/archiwum24\/wp-content\/uploads\/2023\/04\/plakat-maja-2023-TOPOLKA-ALL-724x1024.png\" alt=\"\" class=\"wp-image-5285\" srcset=\"https:\/\/lgd.com.pl\/archiwum24\/wp-content\/uploads\/2023\/04\/plakat-maja-2023-TOPOLKA-ALL-724x1024.png 724w, https:\/\/lgd.com.pl\/archiwum24\/wp-content\/uploads\/2023\/04\/plakat-maja-2023-TOPOLKA-ALL-212x300.png 212w, https:\/\/lgd.com.pl\/archiwum24\/wp-content\/uploads\/2023\/04\/plakat-maja-2023-TOPOLKA-ALL-768x1086.png 768w, https:\/\/lgd.com.pl\/archiwum24\/wp-content\/uploads\/2023\/04\/plakat-maja-2023-TOPOLKA-ALL-1086x1536.png 1086w, https:\/\/lgd.com.pl\/archiwum24\/wp-content\/uploads\/2023\/04\/plakat-maja-2023-TOPOLKA-ALL-1448x2048.png 1448w, https:\/\/lgd.com.pl\/archiwum24\/wp-content\/uploads\/2023\/04\/plakat-maja-2023-TOPOLKA-ALL-696x985.png 696w, https:\/\/lgd.com.pl\/archiwum24\/wp-content\/uploads\/2023\/04\/plakat-maja-2023-TOPOLKA-ALL-1068x1511.png 1068w, https:\/\/lgd.com.pl\/archiwum24\/wp-content\/uploads\/2023\/04\/plakat-maja-2023-TOPOLKA-ALL-297x420.png 297w, https:\/\/lgd.com.pl\/archiwum24\/wp-content\/uploads\/2023\/04\/plakat-maja-2023-TOPOLKA-ALL.png 1587w\" sizes=\"(max-width: 724px) 100vw, 724px\" \/><\/a><figcaption class=\"wp-element-caption\">GMINA TOP\u00d3LKA<\/figcaption><\/figure>\n\n\n\n<figure class=\"wp-block-image size-large\"><a href=\"https:\/\/lgd.com.pl\/archiwum24\/wp-content\/uploads\/2023\/04\/plakat-maja-2023-skibin-seniorzy.png\"><img loading=\"lazy\" decoding=\"async\" width=\"724\" height=\"1024\" src=\"https:\/\/lgd.com.pl\/archiwum24\/wp-content\/uploads\/2023\/04\/plakat-maja-2023-skibin-seniorzy-724x1024.png\" alt=\"\" class=\"wp-image-5284\" srcset=\"https:\/\/lgd.com.pl\/archiwum24\/wp-content\/uploads\/2023\/04\/plakat-maja-2023-skibin-seniorzy-724x1024.png 724w, https:\/\/lgd.com.pl\/archiwum24\/wp-content\/uploads\/2023\/04\/plakat-maja-2023-skibin-seniorzy-212x300.png 212w, https:\/\/lgd.com.pl\/archiwum24\/wp-content\/uploads\/2023\/04\/plakat-maja-2023-skibin-seniorzy-768x1086.png 768w, https:\/\/lgd.com.pl\/archiwum24\/wp-content\/uploads\/2023\/04\/plakat-maja-2023-skibin-seniorzy-1086x1536.png 1086w, https:\/\/lgd.com.pl\/archiwum24\/wp-content\/uploads\/2023\/04\/plakat-maja-2023-skibin-seniorzy-1448x2048.png 1448w, https:\/\/lgd.com.pl\/archiwum24\/wp-content\/uploads\/2023\/04\/plakat-maja-2023-skibin-seniorzy-696x985.png 696w, https:\/\/lgd.com.pl\/archiwum24\/wp-content\/uploads\/2023\/04\/plakat-maja-2023-skibin-seniorzy-1068x1511.png 1068w, https:\/\/lgd.com.pl\/archiwum24\/wp-content\/uploads\/2023\/04\/plakat-maja-2023-skibin-seniorzy-297x420.png 297w, https:\/\/lgd.com.pl\/archiwum24\/wp-content\/uploads\/2023\/04\/plakat-maja-2023-skibin-seniorzy.png 1587w\" sizes=\"(max-width: 724px) 100vw, 724px\" \/><\/a><figcaption class=\"wp-element-caption\">GMINA RADZIEJ\u00d3W<\/figcaption><\/figure>\n\n\n\n<figure class=\"wp-block-image size-large\"><a href=\"https:\/\/lgd.com.pl\/archiwum24\/wp-content\/uploads\/2023\/04\/plakat-maja-2023-skibin-kgw.png\"><img loading=\"lazy\" decoding=\"async\" width=\"724\" height=\"1024\" src=\"https:\/\/lgd.com.pl\/archiwum24\/wp-content\/uploads\/2023\/04\/plakat-maja-2023-skibin-kgw-724x1024.png\" alt=\"\" class=\"wp-image-5283\" srcset=\"https:\/\/lgd.com.pl\/archiwum24\/wp-content\/uploads\/2023\/04\/plakat-maja-2023-skibin-kgw-724x1024.png 724w, https:\/\/lgd.com.pl\/archiwum24\/wp-content\/uploads\/2023\/04\/plakat-maja-2023-skibin-kgw-212x300.png 212w, https:\/\/lgd.com.pl\/archiwum24\/wp-content\/uploads\/2023\/04\/plakat-maja-2023-skibin-kgw-768x1086.png 768w, https:\/\/lgd.com.pl\/archiwum24\/wp-content\/uploads\/2023\/04\/plakat-maja-2023-skibin-kgw-1086x1536.png 1086w, https:\/\/lgd.com.pl\/archiwum24\/wp-content\/uploads\/2023\/04\/plakat-maja-2023-skibin-kgw-1448x2048.png 1448w, https:\/\/lgd.com.pl\/archiwum24\/wp-content\/uploads\/2023\/04\/plakat-maja-2023-skibin-kgw-696x985.png 696w, https:\/\/lgd.com.pl\/archiwum24\/wp-content\/uploads\/2023\/04\/plakat-maja-2023-skibin-kgw-1068x1511.png 1068w, https:\/\/lgd.com.pl\/archiwum24\/wp-content\/uploads\/2023\/04\/plakat-maja-2023-skibin-kgw-297x420.png 297w, https:\/\/lgd.com.pl\/archiwum24\/wp-content\/uploads\/2023\/04\/plakat-maja-2023-skibin-kgw.png 1587w\" sizes=\"(max-width: 724px) 100vw, 724px\" \/><\/a><figcaption class=\"wp-element-caption\">GMINA RADZIEJ\u00d3W <\/figcaption><\/figure>\n\n\n\n<figure class=\"wp-block-image size-large\"><a href=\"https:\/\/lgd.com.pl\/archiwum24\/wp-content\/uploads\/2023\/04\/plakat-maja-2023-PIOTRKOW-ALL.png\"><img loading=\"lazy\" decoding=\"async\" width=\"724\" height=\"1024\" src=\"https:\/\/lgd.com.pl\/archiwum24\/wp-content\/uploads\/2023\/04\/plakat-maja-2023-PIOTRKOW-ALL-724x1024.png\" alt=\"\" class=\"wp-image-5282\" srcset=\"https:\/\/lgd.com.pl\/archiwum24\/wp-content\/uploads\/2023\/04\/plakat-maja-2023-PIOTRKOW-ALL-724x1024.png 724w, https:\/\/lgd.com.pl\/archiwum24\/wp-content\/uploads\/2023\/04\/plakat-maja-2023-PIOTRKOW-ALL-212x300.png 212w, https:\/\/lgd.com.pl\/archiwum24\/wp-content\/uploads\/2023\/04\/plakat-maja-2023-PIOTRKOW-ALL-768x1086.png 768w, https:\/\/lgd.com.pl\/archiwum24\/wp-content\/uploads\/2023\/04\/plakat-maja-2023-PIOTRKOW-ALL-1086x1536.png 1086w, https:\/\/lgd.com.pl\/archiwum24\/wp-content\/uploads\/2023\/04\/plakat-maja-2023-PIOTRKOW-ALL-1448x2048.png 1448w, https:\/\/lgd.com.pl\/archiwum24\/wp-content\/uploads\/2023\/04\/plakat-maja-2023-PIOTRKOW-ALL-696x985.png 696w, https:\/\/lgd.com.pl\/archiwum24\/wp-content\/uploads\/2023\/04\/plakat-maja-2023-PIOTRKOW-ALL-1068x1511.png 1068w, https:\/\/lgd.com.pl\/archiwum24\/wp-content\/uploads\/2023\/04\/plakat-maja-2023-PIOTRKOW-ALL-297x420.png 297w, https:\/\/lgd.com.pl\/archiwum24\/wp-content\/uploads\/2023\/04\/plakat-maja-2023-PIOTRKOW-ALL.png 1587w\" sizes=\"(max-width: 724px) 100vw, 724px\" \/><\/a><figcaption class=\"wp-element-caption\">MIASTO I GMINA PIOTRK\u00d3W KUJAWSKI<\/figcaption><\/figure>\n\n\n\n<figure class=\"wp-block-image size-large\"><a href=\"https:\/\/lgd.com.pl\/archiwum24\/wp-content\/uploads\/2023\/04\/plakat-maja-2023-OSIECINY-KGW.png\"><img loading=\"lazy\" decoding=\"async\" width=\"724\" height=\"1024\" src=\"https:\/\/lgd.com.pl\/archiwum24\/wp-content\/uploads\/2023\/04\/plakat-maja-2023-OSIECINY-KGW-724x1024.png\" alt=\"\" class=\"wp-image-5281\" srcset=\"https:\/\/lgd.com.pl\/archiwum24\/wp-content\/uploads\/2023\/04\/plakat-maja-2023-OSIECINY-KGW-724x1024.png 724w, https:\/\/lgd.com.pl\/archiwum24\/wp-content\/uploads\/2023\/04\/plakat-maja-2023-OSIECINY-KGW-212x300.png 212w, https:\/\/lgd.com.pl\/archiwum24\/wp-content\/uploads\/2023\/04\/plakat-maja-2023-OSIECINY-KGW-768x1086.png 768w, https:\/\/lgd.com.pl\/archiwum24\/wp-content\/uploads\/2023\/04\/plakat-maja-2023-OSIECINY-KGW-1086x1536.png 1086w, https:\/\/lgd.com.pl\/archiwum24\/wp-content\/uploads\/2023\/04\/plakat-maja-2023-OSIECINY-KGW-1448x2048.png 1448w, https:\/\/lgd.com.pl\/archiwum24\/wp-content\/uploads\/2023\/04\/plakat-maja-2023-OSIECINY-KGW-696x985.png 696w, https:\/\/lgd.com.pl\/archiwum24\/wp-content\/uploads\/2023\/04\/plakat-maja-2023-OSIECINY-KGW-1068x1511.png 1068w, https:\/\/lgd.com.pl\/archiwum24\/wp-content\/uploads\/2023\/04\/plakat-maja-2023-OSIECINY-KGW-297x420.png 297w, https:\/\/lgd.com.pl\/archiwum24\/wp-content\/uploads\/2023\/04\/plakat-maja-2023-OSIECINY-KGW.png 1587w\" sizes=\"(max-width: 724px) 100vw, 724px\" \/><\/a><figcaption class=\"wp-element-caption\">GMINA OSI\u0118CINY <\/figcaption><\/figure>\n\n\n\n<figure class=\"wp-block-image size-large\"><a href=\"https:\/\/lgd.com.pl\/archiwum24\/wp-content\/uploads\/2023\/04\/plakat-maja-2023-OSIECINY-ALL.png\"><img loading=\"lazy\" decoding=\"async\" width=\"724\" height=\"1024\" src=\"https:\/\/lgd.com.pl\/archiwum24\/wp-content\/uploads\/2023\/04\/plakat-maja-2023-OSIECINY-ALL-724x1024.png\" alt=\"\" class=\"wp-image-5280\" srcset=\"https:\/\/lgd.com.pl\/archiwum24\/wp-content\/uploads\/2023\/04\/plakat-maja-2023-OSIECINY-ALL-724x1024.png 724w, https:\/\/lgd.com.pl\/archiwum24\/wp-content\/uploads\/2023\/04\/plakat-maja-2023-OSIECINY-ALL-212x300.png 212w, https:\/\/lgd.com.pl\/archiwum24\/wp-content\/uploads\/2023\/04\/plakat-maja-2023-OSIECINY-ALL-768x1086.png 768w, https:\/\/lgd.com.pl\/archiwum24\/wp-content\/uploads\/2023\/04\/plakat-maja-2023-OSIECINY-ALL-1086x1536.png 1086w, https:\/\/lgd.com.pl\/archiwum24\/wp-content\/uploads\/2023\/04\/plakat-maja-2023-OSIECINY-ALL-1448x2048.png 1448w, https:\/\/lgd.com.pl\/archiwum24\/wp-content\/uploads\/2023\/04\/plakat-maja-2023-OSIECINY-ALL-696x985.png 696w, https:\/\/lgd.com.pl\/archiwum24\/wp-content\/uploads\/2023\/04\/plakat-maja-2023-OSIECINY-ALL-1068x1511.png 1068w, https:\/\/lgd.com.pl\/archiwum24\/wp-content\/uploads\/2023\/04\/plakat-maja-2023-OSIECINY-ALL-297x420.png 297w, https:\/\/lgd.com.pl\/archiwum24\/wp-content\/uploads\/2023\/04\/plakat-maja-2023-OSIECINY-ALL.png 1587w\" sizes=\"(max-width: 724px) 100vw, 724px\" \/><\/a><figcaption class=\"wp-element-caption\">GMINA OSI\u0118CINY<\/figcaption><\/figure>\n\n\n\n<figure class=\"wp-block-image size-large\"><a href=\"https:\/\/lgd.com.pl\/archiwum24\/wp-content\/uploads\/2023\/04\/plakat-maja-2023-BYTON-ALL.png\"><img loading=\"lazy\" decoding=\"async\" width=\"724\" height=\"1024\" src=\"https:\/\/lgd.com.pl\/archiwum24\/wp-content\/uploads\/2023\/04\/plakat-maja-2023-BYTON-ALL-724x1024.png\" alt=\"\" class=\"wp-image-5278\" srcset=\"https:\/\/lgd.com.pl\/archiwum24\/wp-content\/uploads\/2023\/04\/plakat-maja-2023-BYTON-ALL-724x1024.png 724w, https:\/\/lgd.com.pl\/archiwum24\/wp-content\/uploads\/2023\/04\/plakat-maja-2023-BYTON-ALL-212x300.png 212w, https:\/\/lgd.com.pl\/archiwum24\/wp-content\/uploads\/2023\/04\/plakat-maja-2023-BYTON-ALL-768x1086.png 768w, https:\/\/lgd.com.pl\/archiwum24\/wp-content\/uploads\/2023\/04\/plakat-maja-2023-BYTON-ALL-1086x1536.png 1086w, https:\/\/lgd.com.pl\/archiwum24\/wp-content\/uploads\/2023\/04\/plakat-maja-2023-BYTON-ALL-1448x2048.png 1448w, https:\/\/lgd.com.pl\/archiwum24\/wp-content\/uploads\/2023\/04\/plakat-maja-2023-BYTON-ALL-696x985.png 696w, https:\/\/lgd.com.pl\/archiwum24\/wp-content\/uploads\/2023\/04\/plakat-maja-2023-BYTON-ALL-1068x1511.png 1068w, https:\/\/lgd.com.pl\/archiwum24\/wp-content\/uploads\/2023\/04\/plakat-maja-2023-BYTON-ALL-297x420.png 297w, https:\/\/lgd.com.pl\/archiwum24\/wp-content\/uploads\/2023\/04\/plakat-maja-2023-BYTON-ALL.png 1587w\" sizes=\"(max-width: 724px) 100vw, 724px\" \/><\/a><figcaption class=\"wp-element-caption\">GMINA BYTO\u0143<\/figcaption><\/figure>\n\n\n\n<figure class=\"wp-block-image size-large\"><a href=\"https:\/\/lgd.com.pl\/archiwum24\/wp-content\/uploads\/2023\/04\/plakat-maja-2023-UTW.png\"><img loading=\"lazy\" decoding=\"async\" width=\"724\" height=\"1024\" src=\"https:\/\/lgd.com.pl\/archiwum24\/wp-content\/uploads\/2023\/04\/plakat-maja-2023-UTW-724x1024.png\" alt=\"\" class=\"wp-image-5298\" srcset=\"https:\/\/lgd.com.pl\/archiwum24\/wp-content\/uploads\/2023\/04\/plakat-maja-2023-UTW-724x1024.png 724w, https:\/\/lgd.com.pl\/archiwum24\/wp-content\/uploads\/2023\/04\/plakat-maja-2023-UTW-212x300.png 212w, https:\/\/lgd.com.pl\/archiwum24\/wp-content\/uploads\/2023\/04\/plakat-maja-2023-UTW-768x1086.png 768w, https:\/\/lgd.com.pl\/archiwum24\/wp-content\/uploads\/2023\/04\/plakat-maja-2023-UTW-1086x1536.png 1086w, https:\/\/lgd.com.pl\/archiwum24\/wp-content\/uploads\/2023\/04\/plakat-maja-2023-UTW-1448x2048.png 1448w, https:\/\/lgd.com.pl\/archiwum24\/wp-content\/uploads\/2023\/04\/plakat-maja-2023-UTW-696x985.png 696w, https:\/\/lgd.com.pl\/archiwum24\/wp-content\/uploads\/2023\/04\/plakat-maja-2023-UTW-1068x1511.png 1068w, https:\/\/lgd.com.pl\/archiwum24\/wp-content\/uploads\/2023\/04\/plakat-maja-2023-UTW-297x420.png 297w, https:\/\/lgd.com.pl\/archiwum24\/wp-content\/uploads\/2023\/04\/plakat-maja-2023-UTW.png 1587w\" sizes=\"(max-width: 724px) 100vw, 724px\" \/><\/a><figcaption class=\"wp-element-caption\">MIASTO RADZIEJ\u00d3W<\/figcaption><\/figure>\n\n\n\n<figure class=\"wp-block-image size-large\"><a href=\"https:\/\/lgd.com.pl\/archiwum24\/wp-content\/uploads\/2023\/04\/plakat-maja-2023-DOBRE-ALL.png\"><img loading=\"lazy\" decoding=\"async\" width=\"724\" height=\"1024\" src=\"https:\/\/lgd.com.pl\/archiwum24\/wp-content\/uploads\/2023\/04\/plakat-maja-2023-DOBRE-ALL-724x1024.png\" alt=\"\" class=\"wp-image-5279\" srcset=\"https:\/\/lgd.com.pl\/archiwum24\/wp-content\/uploads\/2023\/04\/plakat-maja-2023-DOBRE-ALL-724x1024.png 724w, https:\/\/lgd.com.pl\/archiwum24\/wp-content\/uploads\/2023\/04\/plakat-maja-2023-DOBRE-ALL-212x300.png 212w, https:\/\/lgd.com.pl\/archiwum24\/wp-content\/uploads\/2023\/04\/plakat-maja-2023-DOBRE-ALL-768x1086.png 768w, https:\/\/lgd.com.pl\/archiwum24\/wp-content\/uploads\/2023\/04\/plakat-maja-2023-DOBRE-ALL-1086x1536.png 1086w, https:\/\/lgd.com.pl\/archiwum24\/wp-content\/uploads\/2023\/04\/plakat-maja-2023-DOBRE-ALL-1448x2048.png 1448w, https:\/\/lgd.com.pl\/archiwum24\/wp-content\/uploads\/2023\/04\/plakat-maja-2023-DOBRE-ALL-696x985.png 696w, https:\/\/lgd.com.pl\/archiwum24\/wp-content\/uploads\/2023\/04\/plakat-maja-2023-DOBRE-ALL-1068x1511.png 1068w, https:\/\/lgd.com.pl\/archiwum24\/wp-content\/uploads\/2023\/04\/plakat-maja-2023-DOBRE-ALL-297x420.png 297w, https:\/\/lgd.com.pl\/archiwum24\/wp-content\/uploads\/2023\/04\/plakat-maja-2023-DOBRE-ALL.png 1587w\" sizes=\"(max-width: 724px) 100vw, 724px\" \/><\/a><\/figure>\n","protected":false},"excerpt":{"rendered":"<p>Lokalna Grupa Dzia\u0142ania \u201eRazem dla Powiatu Radziejowskiego\u201d ponownie zaprasza mieszka\u0144c\u00f3w, przedstawicieli so\u0142ectw, rad so\u0142eckich oraz lokalnych K\u00f3\u0142 Gospody\u0144 Wiejskich oraz senior\u00f3w na spotkania konsultacyjne. Sprawd\u017a poni\u017cej kiedy b\u0119dziemy w Twojej gminie! W trakcie spotkania: Jeszcze raz om\u00f3wimy obszary tematyczne mo\u017cliwe do wspierania przez LGD w nowym okresie finansowania. Przeprowadzimy wywiad pog\u0142\u0119biony na temat potrzeb oraz [&hellip;]<\/p>\n","protected":false},"author":2,"featured_media":5288,"comment_status":"open","ping_status":"open","sticky":false,"template":"","format":"standard","meta":{"footnotes":""},"categories":[7,1,30,17],"tags":[],"_links":{"self":[{"href":"https:\/\/lgd.com.pl\/archiwum24\/wp-json\/wp\/v2\/posts\/5275"}],"collection":[{"href":"https:\/\/lgd.com.pl\/archiwum24\/wp-json\/wp\/v2\/posts"}],"about":[{"href":"https:\/\/lgd.com.pl\/archiwum24\/wp-json\/wp\/v2\/types\/post"}],"author":[{"embeddable":true,"href":"https:\/\/lgd.com.pl\/archiwum24\/wp-json\/wp\/v2\/users\/2"}],"replies":[{"embeddable":true,"href":"https:\/\/lgd.com.pl\/archiwum24\/wp-json\/wp\/v2\/comments?post=5275"}],"version-history":[{"count":9,"href":"https:\/\/lgd.com.pl\/archiwum24\/wp-json\/wp\/v2\/posts\/5275\/revisions"}],"predecessor-version":[{"id":5301,"href":"https:\/\/lgd.com.pl\/archiwum24\/wp-json\/wp\/v2\/posts\/5275\/revisions\/5301"}],"wp:featuredmedia":[{"embeddable":true,"href":"https:\/\/lgd.com.pl\/archiwum24\/wp-json\/wp\/v2\/media\/5288"}],"wp:attachment":[{"href":"https:\/\/lgd.com.pl\/archiwum24\/wp-json\/wp\/v2\/media?parent=5275"}],"wp:term":[{"taxonomy":"category","embeddable":true,"href":"https:\/\/lgd.com.pl\/archiwum24\/wp-json\/wp\/v2\/categories?post=5275"},{"taxonomy":"post_tag","embeddable":true,"href":"https:\/\/lgd.com.pl\/archiwum24\/wp-json\/wp\/v2\/tags?post=5275"}],"curies":[{"name":"wp","href":"https:\/\/api.w.org\/{rel}","templated":true}]}}