{"id":4944,"date":"2022-07-24T13:20:00","date_gmt":"2022-07-24T11:20:00","guid":{"rendered":"https:\/\/lgd.com.pl\/?p=4944"},"modified":"2022-07-27T13:46:09","modified_gmt":"2022-07-27T11:46:09","slug":"informacja-o-miejscach-i-terminach-przeprowadzenia-spotkan","status":"publish","type":"post","link":"https:\/\/lgd.com.pl\/archiwum24\/informacja-o-miejscach-i-terminach-przeprowadzenia-spotkan\/","title":{"rendered":"Informacja o miejscach i terminach przeprowadzenia spotka\u0144"},"content":{"rendered":"\n<p>Szanowni Pa\u0144stwo,<\/p>\n\n\n\n<p>Lokalna Grupa Dzia\u0142ania &#8220;Razem dla Powiatu Radziejowskiego&#8221; rozpocz\u0119\u0142a prace nad przygotowaniem nowej Lokalnej Strategii Rozwoju (LSR). Dokument b\u0119dzie okre\u015bla\u0142 kierunki rozwoju oraz mo\u017cliwo\u015bci dofinansowania dzia\u0142a\u0144 na obszarze wszystkich gmin powiatu radziejowskiego w perspektywie finansowej 2021-2027.<\/p>\n\n\n\n<p>Ju\u017c we wrze\u015bniu, w ka\u017cdej gminie powiatu radziejowskiego, zostan\u0105 przeprowadzone konsultacje z mieszka\u0144cami.  W trakcie spotka\u0144 zostanie przeprowadzona analiza potrzeb rozwojowych i potencja\u0142u danego obszaru\/gminy, a tak\u017ce analiza cel\u00f3w strategii.<br>Spotkania z przedstawicielami wszystkich sektor\u00f3w obszaru Lokalnej Strategii Rozwoju b\u0119d\u0105 mia\u0142y na celu dok\u0142adne rozpoznanie preferencji\/potrzeb mieszka\u0144c\u00f3w i ich wizji rozwoju poszczeg\u00f3lnych gmin. Wypracowany wsp\u00f3lnie materia\u0142 b\u0119dzie podstaw\u0105 do napisania Lokalnej Strategii Rozwoju dla obszaru powiatu radziejowskiego.  <\/p>\n\n\n\n<p>Zapraszamy do wsp\u00f3\u0142pracy!<\/p>\n\n\n\n<div class=\"wp-block-file\"><a id=\"wp-block-file--media-f6b5c4f1-1413-4aef-81a7-2c0db83b8037\" href=\"https:\/\/lgd.com.pl\/archiwum24\/wp-content\/uploads\/2022\/07\/Harmonogram-spotkan.pdf\">Harmonogram spotka\u0144 <\/a><a href=\"https:\/\/lgd.com.pl\/archiwum24\/wp-content\/uploads\/2022\/07\/Harmonogram-spotkan.pdf\" class=\"wp-block-file__button\" download aria-describedby=\"wp-block-file--media-f6b5c4f1-1413-4aef-81a7-2c0db83b8037\">Pobierz<\/a><\/div>\n","protected":false},"excerpt":{"rendered":"<p>Szanowni Pa\u0144stwo, Lokalna Grupa Dzia\u0142ania &#8220;Razem dla Powiatu Radziejowskiego&#8221; rozpocz\u0119\u0142a prace nad przygotowaniem nowej Lokalnej Strategii Rozwoju (LSR). Dokument b\u0119dzie okre\u015bla\u0142 kierunki rozwoju oraz mo\u017cliwo\u015bci dofinansowania dzia\u0142a\u0144 na obszarze wszystkich gmin powiatu radziejowskiego w perspektywie finansowej 2021-2027. Ju\u017c we wrze\u015bniu, w ka\u017cdej gminie powiatu radziejowskiego, zostan\u0105 przeprowadzone konsultacje z mieszka\u0144cami. W trakcie spotka\u0144 zostanie przeprowadzona [&hellip;]<\/p>\n","protected":false},"author":2,"featured_media":4946,"comment_status":"open","ping_status":"open","sticky":false,"template":"","format":"standard","meta":{"footnotes":""},"categories":[29,30],"tags":[],"_links":{"self":[{"href":"https:\/\/lgd.com.pl\/archiwum24\/wp-json\/wp\/v2\/posts\/4944"}],"collection":[{"href":"https:\/\/lgd.com.pl\/archiwum24\/wp-json\/wp\/v2\/posts"}],"about":[{"href":"https:\/\/lgd.com.pl\/archiwum24\/wp-json\/wp\/v2\/types\/post"}],"author":[{"embeddable":true,"href":"https:\/\/lgd.com.pl\/archiwum24\/wp-json\/wp\/v2\/users\/2"}],"replies":[{"embeddable":true,"href":"https:\/\/lgd.com.pl\/archiwum24\/wp-json\/wp\/v2\/comments?post=4944"}],"version-history":[{"count":1,"href":"https:\/\/lgd.com.pl\/archiwum24\/wp-json\/wp\/v2\/posts\/4944\/revisions"}],"predecessor-version":[{"id":4947,"href":"https:\/\/lgd.com.pl\/archiwum24\/wp-json\/wp\/v2\/posts\/4944\/revisions\/4947"}],"wp:featuredmedia":[{"embeddable":true,"href":"https:\/\/lgd.com.pl\/archiwum24\/wp-json\/wp\/v2\/media\/4946"}],"wp:attachment":[{"href":"https:\/\/lgd.com.pl\/archiwum24\/wp-json\/wp\/v2\/media?parent=4944"}],"wp:term":[{"taxonomy":"category","embeddable":true,"href":"https:\/\/lgd.com.pl\/archiwum24\/wp-json\/wp\/v2\/categories?post=4944"},{"taxonomy":"post_tag","embeddable":true,"href":"https:\/\/lgd.com.pl\/archiwum24\/wp-json\/wp\/v2\/tags?post=4944"}],"curies":[{"name":"wp","href":"https:\/\/api.w.org\/{rel}","templated":true}]}}