{"id":4541,"date":"2021-11-14T11:20:58","date_gmt":"2021-11-14T10:20:58","guid":{"rendered":"https:\/\/lgd.com.pl\/?p=4541"},"modified":"2021-11-14T11:20:59","modified_gmt":"2021-11-14T10:20:59","slug":"spotkanie-informacyjno-konsultacyjne-z-dzialaniami-animacyjnymi-dla-mieszkancow-obszaru-lsr-warsztaty-florystyczne","status":"publish","type":"post","link":"https:\/\/lgd.com.pl\/archiwum24\/spotkanie-informacyjno-konsultacyjne-z-dzialaniami-animacyjnymi-dla-mieszkancow-obszaru-lsr-warsztaty-florystyczne\/","title":{"rendered":"Spotkanie informacyjno-konsultacyjne z dzia\u0142aniami animacyjnymi dla mieszka\u0144c\u00f3w obszaru LSR Warsztaty florystyczne"},"content":{"rendered":"\n<p>W dniach 20 &#8211; 21 pa\u017adziernika 2021 r. w Centrum Edukacyjnym \u201eO\u015bwiata\u201d w Radziejowie zosta\u0142y zorganizowane przez Lokaln\u0105 Grup\u0119 Dzia\u0142ania \u201eRazem dla Powiatu Radziejowskiego\u201d spotkania informacyjno-konsultacyjne z dzia\u0142aniami animacyjnymi dla mieszka\u0144c\u00f3w obszaru LSR.<\/p>\n\n\n\n<p>W ramach spotka\u0144 odby\u0142y si\u0119 warsztaty florystyczne, kt\u00f3re poprowadzi\u0142a pani Jolanta Golec. Pod bacznym okiem pani Joli uczestniczki warsztat\u00f3w mog\u0142y dowiedzie\u0107 si\u0119 wi\u0119cej na temat tworzenia i uk\u0142adania kompozycji kwiatowych. Panie samodzielnie mog\u0142y przygotowa\u0107 wi\u0105zanki z przeznaczeniem na Wszystkich \u015awi\u0119tych.<\/p>\n\n\n\n<p>Ponadto w ramach spotkania odby\u0142o si\u0119 szkolenie, kt\u00f3re poprowadzi\u0142a Agnieszka Zawidzka. Szkolenie dotyczy\u0142o bie\u017c\u0105cej dzia\u0142alno\u015bci LGD, realizacji lokalnej strategii rozwoju, og\u0142aszanych nabor\u00f3w i zasadach udzielania pomocy. Wszystkim uczestnikom bardzo dzi\u0119kujemy za udzia\u0142.<\/p>\n\n\n\n<p>Zapraszamy do obejrzenia zdj\u0119\u0107 z tego wydarzenia w zak\u0142adce GALERIA.<\/p>\n","protected":false},"excerpt":{"rendered":"<p>W dniach 20 &#8211; 21 pa\u017adziernika 2021 r. w Centrum Edukacyjnym \u201eO\u015bwiata\u201d w Radziejowie zosta\u0142y zorganizowane przez Lokaln\u0105 Grup\u0119 Dzia\u0142ania \u201eRazem dla Powiatu Radziejowskiego\u201d spotkania informacyjno-konsultacyjne z dzia\u0142aniami animacyjnymi dla mieszka\u0144c\u00f3w obszaru LSR. W ramach spotka\u0144 odby\u0142y si\u0119 warsztaty florystyczne, kt\u00f3re poprowadzi\u0142a pani Jolanta Golec. Pod bacznym okiem pani Joli uczestniczki warsztat\u00f3w mog\u0142y dowiedzie\u0107 si\u0119 [&hellip;]<\/p>\n","protected":false},"author":2,"featured_media":4542,"comment_status":"open","ping_status":"open","sticky":false,"template":"","format":"standard","meta":{"footnotes":""},"categories":[7,1],"tags":[],"_links":{"self":[{"href":"https:\/\/lgd.com.pl\/archiwum24\/wp-json\/wp\/v2\/posts\/4541"}],"collection":[{"href":"https:\/\/lgd.com.pl\/archiwum24\/wp-json\/wp\/v2\/posts"}],"about":[{"href":"https:\/\/lgd.com.pl\/archiwum24\/wp-json\/wp\/v2\/types\/post"}],"author":[{"embeddable":true,"href":"https:\/\/lgd.com.pl\/archiwum24\/wp-json\/wp\/v2\/users\/2"}],"replies":[{"embeddable":true,"href":"https:\/\/lgd.com.pl\/archiwum24\/wp-json\/wp\/v2\/comments?post=4541"}],"version-history":[{"count":1,"href":"https:\/\/lgd.com.pl\/archiwum24\/wp-json\/wp\/v2\/posts\/4541\/revisions"}],"predecessor-version":[{"id":4543,"href":"https:\/\/lgd.com.pl\/archiwum24\/wp-json\/wp\/v2\/posts\/4541\/revisions\/4543"}],"wp:featuredmedia":[{"embeddable":true,"href":"https:\/\/lgd.com.pl\/archiwum24\/wp-json\/wp\/v2\/media\/4542"}],"wp:attachment":[{"href":"https:\/\/lgd.com.pl\/archiwum24\/wp-json\/wp\/v2\/media?parent=4541"}],"wp:term":[{"taxonomy":"category","embeddable":true,"href":"https:\/\/lgd.com.pl\/archiwum24\/wp-json\/wp\/v2\/categories?post=4541"},{"taxonomy":"post_tag","embeddable":true,"href":"https:\/\/lgd.com.pl\/archiwum24\/wp-json\/wp\/v2\/tags?post=4541"}],"curies":[{"name":"wp","href":"https:\/\/api.w.org\/{rel}","templated":true}]}}