{"id":4355,"date":"2021-07-16T12:39:32","date_gmt":"2021-07-16T10:39:32","guid":{"rendered":"https:\/\/lgd.com.pl\/?p=4355"},"modified":"2021-07-16T12:39:33","modified_gmt":"2021-07-16T10:39:33","slug":"zapraszamy-do-udzialu-w-rajdzie-rowerowym","status":"publish","type":"post","link":"https:\/\/lgd.com.pl\/archiwum24\/zapraszamy-do-udzialu-w-rajdzie-rowerowym\/","title":{"rendered":"Zapraszamy do udzia\u0142u w rajdzie rowerowym"},"content":{"rendered":"\n<p class=\"has-text-align-center\"><strong><em>Lokalna Grupa Dzia\u0142ania \u201eRazem dla Powiatu Radziejowskiego\u201d serdecznie zaprasza mieszka\u0144c\u00f3w Powiatu Radziejowskiego na rajd rowerowy, kt\u00f3ry odb\u0119dzie si\u0119\u00a0 w sobot\u0119 31 lipca 2021 r. <\/em><\/strong><\/p>\n\n\n\n<p class=\"has-text-align-center\"><strong><em>Zbi\u00f3rka uczestnik\u00f3w o godz. 9.00 przy Gminnym O\u015brodku Kultury w Piotrkowie Kujawskim, ul. Targowa.<\/em><\/strong><\/p>\n\n\n\n<p class=\"has-text-align-center\"><strong><em>Szczeg\u00f3\u0142owe informacje znajd\u0105 Pa\u0144stwo w Programie i Regulaminie rajdu za\u0142\u0105czonym pod og\u0142oszeniem oraz u Agnieszki Zawidzkiej \u2013 organizatora rajdu pod numerem telefonu 530&nbsp;900&nbsp;618 oraz na stronie internetowej www.lgd.com.pl<\/em><\/strong><\/p>\n\n\n\n<p class=\"has-text-align-center\"><strong><em>ZAPRASZAMY!!!<\/em><\/strong><\/p>\n\n\n\n<div class=\"wp-block-file\"><a href=\"https:\/\/lgd.com.pl\/archiwum24\/wp-content\/uploads\/2021\/07\/rajd-informacja.docx\">Informacja<\/a><a href=\"https:\/\/lgd.com.pl\/archiwum24\/wp-content\/uploads\/2021\/07\/rajd-informacja.docx\" class=\"wp-block-file__button\" download>Pobierz<\/a><\/div>\n\n\n\n<div class=\"wp-block-file\"><a href=\"https:\/\/lgd.com.pl\/archiwum24\/wp-content\/uploads\/2021\/07\/regulamin-rajdu.docx\">Regulamin rajdu rowerowego<\/a><a href=\"https:\/\/lgd.com.pl\/archiwum24\/wp-content\/uploads\/2021\/07\/regulamin-rajdu.docx\" class=\"wp-block-file__button\" download>Pobierz<\/a><\/div>\n\n\n\n<div class=\"wp-block-file\"><a href=\"https:\/\/lgd.com.pl\/archiwum24\/wp-content\/uploads\/2021\/07\/rajd-program.docx\">Program rajdu rowerowego<\/a><a href=\"https:\/\/lgd.com.pl\/archiwum24\/wp-content\/uploads\/2021\/07\/rajd-program.docx\" class=\"wp-block-file__button\" download>Pobierz<\/a><\/div>\n","protected":false},"excerpt":{"rendered":"<p>Lokalna Grupa Dzia\u0142ania \u201eRazem dla Powiatu Radziejowskiego\u201d serdecznie zaprasza mieszka\u0144c\u00f3w Powiatu Radziejowskiego na rajd rowerowy, kt\u00f3ry odb\u0119dzie si\u0119\u00a0 w sobot\u0119 31 lipca 2021 r. Zbi\u00f3rka uczestnik\u00f3w o godz. 9.00 przy Gminnym O\u015brodku Kultury w Piotrkowie Kujawskim, ul. Targowa. Szczeg\u00f3\u0142owe informacje znajd\u0105 Pa\u0144stwo w Programie i Regulaminie rajdu za\u0142\u0105czonym pod og\u0142oszeniem oraz u Agnieszki Zawidzkiej \u2013 [&hellip;]<\/p>\n","protected":false},"author":2,"featured_media":4050,"comment_status":"open","ping_status":"open","sticky":false,"template":"","format":"standard","meta":{"footnotes":""},"categories":[7,17],"tags":[],"_links":{"self":[{"href":"https:\/\/lgd.com.pl\/archiwum24\/wp-json\/wp\/v2\/posts\/4355"}],"collection":[{"href":"https:\/\/lgd.com.pl\/archiwum24\/wp-json\/wp\/v2\/posts"}],"about":[{"href":"https:\/\/lgd.com.pl\/archiwum24\/wp-json\/wp\/v2\/types\/post"}],"author":[{"embeddable":true,"href":"https:\/\/lgd.com.pl\/archiwum24\/wp-json\/wp\/v2\/users\/2"}],"replies":[{"embeddable":true,"href":"https:\/\/lgd.com.pl\/archiwum24\/wp-json\/wp\/v2\/comments?post=4355"}],"version-history":[{"count":1,"href":"https:\/\/lgd.com.pl\/archiwum24\/wp-json\/wp\/v2\/posts\/4355\/revisions"}],"predecessor-version":[{"id":4359,"href":"https:\/\/lgd.com.pl\/archiwum24\/wp-json\/wp\/v2\/posts\/4355\/revisions\/4359"}],"wp:featuredmedia":[{"embeddable":true,"href":"https:\/\/lgd.com.pl\/archiwum24\/wp-json\/wp\/v2\/media\/4050"}],"wp:attachment":[{"href":"https:\/\/lgd.com.pl\/archiwum24\/wp-json\/wp\/v2\/media?parent=4355"}],"wp:term":[{"taxonomy":"category","embeddable":true,"href":"https:\/\/lgd.com.pl\/archiwum24\/wp-json\/wp\/v2\/categories?post=4355"},{"taxonomy":"post_tag","embeddable":true,"href":"https:\/\/lgd.com.pl\/archiwum24\/wp-json\/wp\/v2\/tags?post=4355"}],"curies":[{"name":"wp","href":"https:\/\/api.w.org\/{rel}","templated":true}]}}