{"id":4317,"date":"2021-06-28T09:19:51","date_gmt":"2021-06-28T07:19:51","guid":{"rendered":"https:\/\/lgd.com.pl\/?p=4317"},"modified":"2021-06-28T09:19:53","modified_gmt":"2021-06-28T07:19:53","slug":"informacja-o-walnym-zebraniu-czlonkow-lgd-2","status":"publish","type":"post","link":"https:\/\/lgd.com.pl\/archiwum24\/informacja-o-walnym-zebraniu-czlonkow-lgd-2\/","title":{"rendered":"Informacja o Walnym Zebraniu Cz\u0142onk\u00f3w LGD"},"content":{"rendered":"\n<p>Walne Zebranie Cz\u0142onk\u00f3w Lokalnej Grupy Dzia\u0142ania \u201eRazem dla Powiatu Radziejowskiego\u201d, odb\u0119dzie si\u0119 28 czerwca 2021 r. (poniedzia\u0142ek) o godz. 13.00 w pierwszym terminie, w terminie drugim o godzinie 13.30 w sali konferencyjnej Urz\u0119du Gminy (parter) przy ul. Ko\u015bciuszki 20\/22 w Radziejowie.<\/p>\n\n\n\n<p>Proponowany porz\u0105dek obrad Walnego Zebrania:<\/p>\n\n\n\n<p>1. Otwarcie zebrania.<\/p>\n\n\n\n<p>2. Wyb\u00f3r przewodnicz\u0105cego zebrania i protokolanta.<\/p>\n\n\n\n<p>3. Zatwierdzenie porz\u0105dku zebrania.<\/p>\n\n\n\n<p>4. Przedstawienie sprawozdania merytorycznego i finansowego z dzia\u0142alno\u015bci Stowarzyszenia za rok 2020.<\/p>\n\n\n\n<p>5. Sprawozdanie Komisji Rewizyjnej za rok 2020 oraz stanowisko Komisji Rewizyjnej w sprawie udzielenia absolutorium Zarz\u0105dowi Stowarzyszenia.<\/p>\n\n\n\n<p>6. Dyskusja.<\/p>\n\n\n\n<p>7. Podj\u0119cie uchwa\u0142.<\/p>\n\n\n\n<p>8. Wolne g\u0142osy i wnioski.<\/p>\n\n\n\n<p>9. Zako\u0144czenie zebrania<\/p>\n\n\n\n<div class=\"wp-block-file\"><a href=\"https:\/\/lgd.com.pl\/archiwum24\/wp-content\/uploads\/2021\/06\/uchwala-nr-1.doc\">uchwa\u0142a nr 1<\/a><a href=\"https:\/\/lgd.com.pl\/archiwum24\/wp-content\/uploads\/2021\/06\/uchwala-nr-1.doc\" class=\"wp-block-file__button\" download>Pobierz<\/a><\/div>\n\n\n\n<div class=\"wp-block-file\"><a href=\"https:\/\/lgd.com.pl\/archiwum24\/wp-content\/uploads\/2021\/06\/uchwala-nr-2.doc\">uchwa\u0142a nr 2<\/a><a href=\"https:\/\/lgd.com.pl\/archiwum24\/wp-content\/uploads\/2021\/06\/uchwala-nr-2.doc\" class=\"wp-block-file__button\" download>Pobierz<\/a><\/div>\n","protected":false},"excerpt":{"rendered":"<p>Walne Zebranie Cz\u0142onk\u00f3w Lokalnej Grupy Dzia\u0142ania \u201eRazem dla Powiatu Radziejowskiego\u201d, odb\u0119dzie si\u0119 28 czerwca 2021 r. (poniedzia\u0142ek) o godz. 13.00 w pierwszym terminie, w terminie drugim o godzinie 13.30 w sali konferencyjnej Urz\u0119du Gminy (parter) przy ul. Ko\u015bciuszki 20\/22 w Radziejowie. Proponowany porz\u0105dek obrad Walnego Zebrania: 1. Otwarcie zebrania. 2. Wyb\u00f3r przewodnicz\u0105cego zebrania i protokolanta. [&hellip;]<\/p>\n","protected":false},"author":2,"featured_media":2511,"comment_status":"open","ping_status":"open","sticky":false,"template":"","format":"standard","meta":{"footnotes":""},"categories":[7,1],"tags":[],"_links":{"self":[{"href":"https:\/\/lgd.com.pl\/archiwum24\/wp-json\/wp\/v2\/posts\/4317"}],"collection":[{"href":"https:\/\/lgd.com.pl\/archiwum24\/wp-json\/wp\/v2\/posts"}],"about":[{"href":"https:\/\/lgd.com.pl\/archiwum24\/wp-json\/wp\/v2\/types\/post"}],"author":[{"embeddable":true,"href":"https:\/\/lgd.com.pl\/archiwum24\/wp-json\/wp\/v2\/users\/2"}],"replies":[{"embeddable":true,"href":"https:\/\/lgd.com.pl\/archiwum24\/wp-json\/wp\/v2\/comments?post=4317"}],"version-history":[{"count":1,"href":"https:\/\/lgd.com.pl\/archiwum24\/wp-json\/wp\/v2\/posts\/4317\/revisions"}],"predecessor-version":[{"id":4321,"href":"https:\/\/lgd.com.pl\/archiwum24\/wp-json\/wp\/v2\/posts\/4317\/revisions\/4321"}],"wp:featuredmedia":[{"embeddable":true,"href":"https:\/\/lgd.com.pl\/archiwum24\/wp-json\/wp\/v2\/media\/2511"}],"wp:attachment":[{"href":"https:\/\/lgd.com.pl\/archiwum24\/wp-json\/wp\/v2\/media?parent=4317"}],"wp:term":[{"taxonomy":"category","embeddable":true,"href":"https:\/\/lgd.com.pl\/archiwum24\/wp-json\/wp\/v2\/categories?post=4317"},{"taxonomy":"post_tag","embeddable":true,"href":"https:\/\/lgd.com.pl\/archiwum24\/wp-json\/wp\/v2\/tags?post=4317"}],"curies":[{"name":"wp","href":"https:\/\/api.w.org\/{rel}","templated":true}]}}