{"id":4191,"date":"2021-02-16T07:53:10","date_gmt":"2021-02-16T06:53:10","guid":{"rendered":"https:\/\/lgd.com.pl\/?p=4191"},"modified":"2021-02-16T07:53:12","modified_gmt":"2021-02-16T06:53:12","slug":"warsztat-refleksyjny","status":"publish","type":"post","link":"https:\/\/lgd.com.pl\/archiwum24\/warsztat-refleksyjny\/","title":{"rendered":"WARSZTAT REFLEKSYJNY"},"content":{"rendered":"\n<p>Lokalna Grupa Dzia\u0142ania \u201eRazem dla Powiatu Radziejowskiego\u201d zaprasza do udzia\u0142u w&nbsp;warsztacie refleksyjnym, kt\u00f3ry odb\u0119dzie si\u0119 <strong>17 lutego 2021 r. o godz. 11.00 <\/strong>w sali konferencyjnej Urz\u0119du Gminy (sala 27 na parterze) przy ul. Ko\u015bciuszki 20\/22 w Radziejowie.<\/p>\n\n\n\n<p>Celem spotkania b\u0119dzie analiza wdra\u017cania Lokalnej strategii rozwoju na obszarze Powiatu Radziejowskiego. Ponadto wypracowanie dalszych dzia\u0142a\u0144 w&nbsp;zakresie monitoringu i ewaluacji LSR.<\/p>\n\n\n\n<p>&nbsp;Ponadto udzia\u0142 w warsztacie pozwoli wypracowa\u0107 wnioski i zach\u0119ci\u0107 do dalszych dzia\u0142a\u0144. Uczestnicy warsztat\u00f3w b\u0119d\u0105 mogli podzieli\u0107 si\u0119 swoim do\u015bwiadczeniem z innymi, wymieni\u0107 dobrymi praktykami.<\/p>\n\n\n\n<p>Zapraszamy<\/p>\n","protected":false},"excerpt":{"rendered":"<p>Lokalna Grupa Dzia\u0142ania \u201eRazem dla Powiatu Radziejowskiego\u201d zaprasza do udzia\u0142u w&nbsp;warsztacie refleksyjnym, kt\u00f3ry odb\u0119dzie si\u0119 17 lutego 2021 r. o godz. 11.00 w sali konferencyjnej Urz\u0119du Gminy (sala 27 na parterze) przy ul. Ko\u015bciuszki 20\/22 w Radziejowie. Celem spotkania b\u0119dzie analiza wdra\u017cania Lokalnej strategii rozwoju na obszarze Powiatu Radziejowskiego. Ponadto wypracowanie dalszych dzia\u0142a\u0144 w&nbsp;zakresie monitoringu [&hellip;]<\/p>\n","protected":false},"author":2,"featured_media":3800,"comment_status":"open","ping_status":"open","sticky":false,"template":"","format":"standard","meta":{"footnotes":""},"categories":[7],"tags":[],"_links":{"self":[{"href":"https:\/\/lgd.com.pl\/archiwum24\/wp-json\/wp\/v2\/posts\/4191"}],"collection":[{"href":"https:\/\/lgd.com.pl\/archiwum24\/wp-json\/wp\/v2\/posts"}],"about":[{"href":"https:\/\/lgd.com.pl\/archiwum24\/wp-json\/wp\/v2\/types\/post"}],"author":[{"embeddable":true,"href":"https:\/\/lgd.com.pl\/archiwum24\/wp-json\/wp\/v2\/users\/2"}],"replies":[{"embeddable":true,"href":"https:\/\/lgd.com.pl\/archiwum24\/wp-json\/wp\/v2\/comments?post=4191"}],"version-history":[{"count":1,"href":"https:\/\/lgd.com.pl\/archiwum24\/wp-json\/wp\/v2\/posts\/4191\/revisions"}],"predecessor-version":[{"id":4192,"href":"https:\/\/lgd.com.pl\/archiwum24\/wp-json\/wp\/v2\/posts\/4191\/revisions\/4192"}],"wp:featuredmedia":[{"embeddable":true,"href":"https:\/\/lgd.com.pl\/archiwum24\/wp-json\/wp\/v2\/media\/3800"}],"wp:attachment":[{"href":"https:\/\/lgd.com.pl\/archiwum24\/wp-json\/wp\/v2\/media?parent=4191"}],"wp:term":[{"taxonomy":"category","embeddable":true,"href":"https:\/\/lgd.com.pl\/archiwum24\/wp-json\/wp\/v2\/categories?post=4191"},{"taxonomy":"post_tag","embeddable":true,"href":"https:\/\/lgd.com.pl\/archiwum24\/wp-json\/wp\/v2\/tags?post=4191"}],"curies":[{"name":"wp","href":"https:\/\/api.w.org\/{rel}","templated":true}]}}