{"id":3953,"date":"2020-06-10T11:14:40","date_gmt":"2020-06-10T09:14:40","guid":{"rendered":"https:\/\/lgd.com.pl\/?p=3953"},"modified":"2020-06-10T11:14:42","modified_gmt":"2020-06-10T09:14:42","slug":"zawiadomienie-o-wynikach-wyboru-i-oceny-operacji-rady-lgd-konkurs-nr-2-2019","status":"publish","type":"post","link":"https:\/\/lgd.com.pl\/archiwum24\/zawiadomienie-o-wynikach-wyboru-i-oceny-operacji-rady-lgd-konkurs-nr-2-2019\/","title":{"rendered":"Zawiadomienie o wynikach wyboru i oceny operacji Rady LGD \u2013 konkurs nr 2\/2019"},"content":{"rendered":"\n<p class=\"has-text-align-center\"><strong>Informacja z XIII posiedzenia Rady Lokalnej Grupy Dzia\u0142ania <\/strong><br><strong>\u201eRazem dla Powiatu Radziejowskiego\u201d<\/strong><\/p>\n\n\n\n<p>W wyniku przeprowadzonej procedury  wyboru i oceny operacji z\u0142o\u017conych  w \u00a0zwi\u0105zku z naborem wniosk\u00f3w nr  2\/2019, w zakresie tematycznym<strong> rewitalizacji obszar\u00f3w wiejskich, <\/strong>Rada LGD podj\u0119\u0142a decyzj\u0119 o rozdysponowaniu \u015brodk\u00f3w z naboru w ramach Regionalnego Programu Operacyjnego Wojew\u00f3dztwa Kujawsko \u2013 Pomorskiego na lata 2014 \u2013 2020.<\/p>\n\n\n\n<p>DO POBRANIA:<\/p>\n\n\n\n<div class=\"wp-block-file\"><a href=\"https:\/\/lgd.com.pl\/archiwum24\/wp-content\/uploads\/2020\/06\/Lista-operacji-zgodnych-z-LSR-RPO-REW.pdf\" target=\"_blank\" rel=\"noreferrer noopener\">1. Lista operacji zgodnych z LSR.<\/a><\/div>\n\n\n\n<div class=\"wp-block-file\"><a href=\"https:\/\/lgd.com.pl\/archiwum24\/wp-content\/uploads\/2020\/06\/Lista-operacji-wybranych-RPO-REW.pdf\" target=\"_blank\" rel=\"noreferrer noopener\">2. Lista operacji wybranych.<\/a><\/div>\n\n\n\n<div class=\"wp-block-file\"><a href=\"https:\/\/lgd.com.pl\/archiwum24\/wp-content\/uploads\/2020\/06\/PROTOK\u00d3\u0141-pos-rady-1.pdf\" target=\"_blank\" rel=\"noreferrer noopener\">3. Protok\u00f3\u0142 w XIII posiedzenia Rady LGD<\/a><\/div>\n\n\n\n<div class=\"wp-block-file\"><a href=\"https:\/\/lgd.com.pl\/archiwum24\/wp-content\/uploads\/2020\/06\/protok\u00f3\u0142-PRO-EFRR.pdf\" target=\"_blank\" rel=\"noreferrer noopener\">4. Za\u0142\u0105cznik do Protoko\u0142u Rady<\/a><\/div>\n","protected":false},"excerpt":{"rendered":"<p>Informacja z XIII posiedzenia Rady Lokalnej Grupy Dzia\u0142ania \u201eRazem dla Powiatu Radziejowskiego\u201d W wyniku przeprowadzonej procedury wyboru i oceny operacji z\u0142o\u017conych w \u00a0zwi\u0105zku z naborem wniosk\u00f3w nr 2\/2019, w zakresie tematycznym rewitalizacji obszar\u00f3w wiejskich, Rada LGD podj\u0119\u0142a decyzj\u0119 o rozdysponowaniu \u015brodk\u00f3w z naboru w ramach Regionalnego Programu Operacyjnego Wojew\u00f3dztwa Kujawsko \u2013 Pomorskiego na lata 2014 [&hellip;]<\/p>\n","protected":false},"author":2,"featured_media":3591,"comment_status":"open","ping_status":"open","sticky":false,"template":"","format":"standard","meta":{"footnotes":""},"categories":[7,23,17],"tags":[],"_links":{"self":[{"href":"https:\/\/lgd.com.pl\/archiwum24\/wp-json\/wp\/v2\/posts\/3953"}],"collection":[{"href":"https:\/\/lgd.com.pl\/archiwum24\/wp-json\/wp\/v2\/posts"}],"about":[{"href":"https:\/\/lgd.com.pl\/archiwum24\/wp-json\/wp\/v2\/types\/post"}],"author":[{"embeddable":true,"href":"https:\/\/lgd.com.pl\/archiwum24\/wp-json\/wp\/v2\/users\/2"}],"replies":[{"embeddable":true,"href":"https:\/\/lgd.com.pl\/archiwum24\/wp-json\/wp\/v2\/comments?post=3953"}],"version-history":[{"count":1,"href":"https:\/\/lgd.com.pl\/archiwum24\/wp-json\/wp\/v2\/posts\/3953\/revisions"}],"predecessor-version":[{"id":3958,"href":"https:\/\/lgd.com.pl\/archiwum24\/wp-json\/wp\/v2\/posts\/3953\/revisions\/3958"}],"wp:featuredmedia":[{"embeddable":true,"href":"https:\/\/lgd.com.pl\/archiwum24\/wp-json\/wp\/v2\/media\/3591"}],"wp:attachment":[{"href":"https:\/\/lgd.com.pl\/archiwum24\/wp-json\/wp\/v2\/media?parent=3953"}],"wp:term":[{"taxonomy":"category","embeddable":true,"href":"https:\/\/lgd.com.pl\/archiwum24\/wp-json\/wp\/v2\/categories?post=3953"},{"taxonomy":"post_tag","embeddable":true,"href":"https:\/\/lgd.com.pl\/archiwum24\/wp-json\/wp\/v2\/tags?post=3953"}],"curies":[{"name":"wp","href":"https:\/\/api.w.org\/{rel}","templated":true}]}}