{"id":3770,"date":"2019-12-16T12:45:02","date_gmt":"2019-12-16T11:45:02","guid":{"rendered":"https:\/\/lgd.com.pl\/?p=3770"},"modified":"2019-12-30T12:50:41","modified_gmt":"2019-12-30T11:50:41","slug":"zawiadomienie-o-posiedzeniu-rady-lgd-7","status":"publish","type":"post","link":"https:\/\/lgd.com.pl\/archiwum24\/zawiadomienie-o-posiedzeniu-rady-lgd-7\/","title":{"rendered":"Zawiadomienie o posiedzeniu Rady LGD"},"content":{"rendered":"\n<p>Zarz\u0105d Lokalnej Grupy Dzia\u0142ania \u201eRazem dla Powiatu Radziejowskiego\u201d zawiadamia,\u00a0\u017ce w dniu <strong>3 stycznia 2020 r. (pi\u0105tek) o godz. 11.00<\/strong>\u00a0<strong>w sali konferencyjnej Urz\u0119du Gminy Radziej\u00f3w <\/strong>(parter) przy  ul. Ko\u015bciuszki 20\/22 w Radziejowie odb\u0119dzie si\u0119 posiedzenie Rady LGD.<br>B\u0119dzie ono po\u015bwi\u0119cone ocenie i wyborowi do finansowania projekt\u00f3w z\u0142o\u017conych w zwi\u0105zku z konkursem nr 1\/2019, w ramach Regionalnego Programu Operacyjnego Wojew\u00f3dztwa Kujawsko &#8211; Pomorskiego na lata 2014 \u2013 2020, <strong>typ projektu<\/strong>: dzia\u0142ania infrastrukturalne przyczyniaj\u0105ce si\u0119 do rewitalizacji spo\u0142eczno &#8211; gospodarczej miejscowo\u015bci wiejskich.<\/p>\n\n\n\n<p><strong>Porz\u0105dek posiedzenia:<\/strong><\/p>\n\n\n\n<ol><li>Otwarcie posiedzenia i stwierdzenie prawomocno\u015bci obrad.<\/li><li>Przyj\u0119cie porz\u0105dku posiedzenia.<\/li><li>Wyb\u00f3r sekretarzy posiedzenia.<\/li><li>Przedstawienie wniosk\u00f3w o dofinansowanie.<\/li><li>Dyskusja.<\/li><li>Podpisanie deklaracji bezstronno\u015bci i poufno\u015bci.<\/li><li>Wype\u0142nienie kart oceny zgodno\u015bci operacji z LSR.<\/li><li>Podj\u0119cie uchwa\u0142 w sprawie oceny zgodno\u015bci operacji z LSR.<\/li><li>Podj\u0119cie uchwa\u0142y w sprawie zatwierdzenia listy operacji zgodnych z LSR.<\/li><li>Ocena operacji pod wzgl\u0119dem zgodno\u015bci z lokalnymi kryteriami wyboru.<\/li><li>Ustalenie kwoty wsparcia w odniesieniu do projekt\u00f3w spe\u0142niaj\u0105cych minimum punktowe.<\/li><li>Podj\u0119cie uchwa\u0142 w sprawie wyboru operacji oraz ustalenia kwoty wsparcia.<\/li><li>Podj\u0119cie uchwa\u0142y w sprawie zatwierdzenia listy operacji wybranych.<\/li><li>Zako\u0144czenie posiedzenia.<\/li><\/ol>\n\n\n\n<p>W przypadku braku mo\u017cliwo\u015bci wzi\u0119cia udzia\u0142u w posiedzeniu, prosimy cz\u0142onk\u00f3w Rady o zawiadomienie Biura LGD najp\u00f3\u017aniej  2 dni przed terminem posiedzenia na numer telefonu 530\u00a0900\u00a0618. <\/p>\n\n\n\n<p>Jednocze\u015bnie informujemy, \u017ce cz\u0142onkowie Rady LGD maj\u0105 mo\u017cliwo\u015b\u0107 zapoznania si\u0119 z materia\u0142ami i dokumentami zwi\u0105zanymi z porz\u0105dkiem posiedzenia, w tym z wnioskami o dofinansowanie, kt\u00f3re b\u0119d\u0105 rozpatrywane, w terminie od 18 grudnia 2019 r.  do 2 stycznia 2020 r. w biurze LGD. <\/p>\n","protected":false},"excerpt":{"rendered":"<p>Zarz\u0105d Lokalnej Grupy Dzia\u0142ania \u201eRazem dla Powiatu Radziejowskiego\u201d zawiadamia,\u00a0\u017ce w dniu 3 stycznia 2020 r. (pi\u0105tek) o godz. 11.00\u00a0w sali konferencyjnej Urz\u0119du Gminy Radziej\u00f3w (parter) przy ul. Ko\u015bciuszki 20\/22 w Radziejowie odb\u0119dzie si\u0119 posiedzenie Rady LGD.B\u0119dzie ono po\u015bwi\u0119cone ocenie i wyborowi do finansowania projekt\u00f3w z\u0142o\u017conych w zwi\u0105zku z konkursem nr 1\/2019, w ramach Regionalnego Programu [&hellip;]<\/p>\n","protected":false},"author":2,"featured_media":2250,"comment_status":"open","ping_status":"open","sticky":false,"template":"","format":"standard","meta":{"footnotes":""},"categories":[7],"tags":[],"_links":{"self":[{"href":"https:\/\/lgd.com.pl\/archiwum24\/wp-json\/wp\/v2\/posts\/3770"}],"collection":[{"href":"https:\/\/lgd.com.pl\/archiwum24\/wp-json\/wp\/v2\/posts"}],"about":[{"href":"https:\/\/lgd.com.pl\/archiwum24\/wp-json\/wp\/v2\/types\/post"}],"author":[{"embeddable":true,"href":"https:\/\/lgd.com.pl\/archiwum24\/wp-json\/wp\/v2\/users\/2"}],"replies":[{"embeddable":true,"href":"https:\/\/lgd.com.pl\/archiwum24\/wp-json\/wp\/v2\/comments?post=3770"}],"version-history":[{"count":1,"href":"https:\/\/lgd.com.pl\/archiwum24\/wp-json\/wp\/v2\/posts\/3770\/revisions"}],"predecessor-version":[{"id":3771,"href":"https:\/\/lgd.com.pl\/archiwum24\/wp-json\/wp\/v2\/posts\/3770\/revisions\/3771"}],"wp:featuredmedia":[{"embeddable":true,"href":"https:\/\/lgd.com.pl\/archiwum24\/wp-json\/wp\/v2\/media\/2250"}],"wp:attachment":[{"href":"https:\/\/lgd.com.pl\/archiwum24\/wp-json\/wp\/v2\/media?parent=3770"}],"wp:term":[{"taxonomy":"category","embeddable":true,"href":"https:\/\/lgd.com.pl\/archiwum24\/wp-json\/wp\/v2\/categories?post=3770"},{"taxonomy":"post_tag","embeddable":true,"href":"https:\/\/lgd.com.pl\/archiwum24\/wp-json\/wp\/v2\/tags?post=3770"}],"curies":[{"name":"wp","href":"https:\/\/api.w.org\/{rel}","templated":true}]}}