{"id":3672,"date":"2019-12-31T08:39:08","date_gmt":"2019-12-31T07:39:08","guid":{"rendered":"https:\/\/lgd.com.pl\/?p=3672"},"modified":"2020-04-15T12:16:39","modified_gmt":"2020-04-15T10:16:39","slug":"ogloszenie-o-naborze-wnioskow-o-powierzenie-grantow-nr-ii-rpo-efs-2019","status":"publish","type":"post","link":"https:\/\/lgd.com.pl\/archiwum24\/ogloszenie-o-naborze-wnioskow-o-powierzenie-grantow-nr-ii-rpo-efs-2019\/","title":{"rendered":"Og\u0142oszenie o naborze wniosk\u00f3w o powierzenie grant\u00f3w nr II \/ RPO \/ EFS \/ 2019"},"content":{"rendered":"\n<figure class=\"wp-block-image\"><img loading=\"lazy\" decoding=\"async\" width=\"1024\" height=\"105\" src=\"https:\/\/lgd.com.pl\/archiwum24\/wp-content\/uploads\/2018\/10\/efs-kolor-flaga-1024x105.jpg\" alt=\"\" class=\"wp-image-3164\" srcset=\"https:\/\/lgd.com.pl\/archiwum24\/wp-content\/uploads\/2018\/10\/efs-kolor-flaga-1024x105.jpg 1024w, https:\/\/lgd.com.pl\/archiwum24\/wp-content\/uploads\/2018\/10\/efs-kolor-flaga-300x31.jpg 300w, https:\/\/lgd.com.pl\/archiwum24\/wp-content\/uploads\/2018\/10\/efs-kolor-flaga-768x79.jpg 768w, https:\/\/lgd.com.pl\/archiwum24\/wp-content\/uploads\/2018\/10\/efs-kolor-flaga-696x71.jpg 696w, https:\/\/lgd.com.pl\/archiwum24\/wp-content\/uploads\/2018\/10\/efs-kolor-flaga-1068x109.jpg 1068w, https:\/\/lgd.com.pl\/archiwum24\/wp-content\/uploads\/2018\/10\/efs-kolor-flaga.jpg 1649w\" sizes=\"(max-width: 1024px) 100vw, 1024px\" \/><\/figure>\n\n\n\n<p class=\"has-text-align-center\"><strong>Og\u0142oszenie o naborze\nwniosk\u00f3w <br>\no powierzenie grant\u00f3w<\/strong><\/p>\n\n\n\n<p class=\"has-text-align-center\"><strong>Lokalna Grupa Dzia\u0142ania \u201eRazem dla Powiatu Radziejowskiego\u201d<\/strong> <br>informuje o mo\u017cliwo\u015bci sk\u0142adania wniosk\u00f3w o powierzenie grantu w ramach: <strong>Regionalnego Programu Operacyjnego Wojew\u00f3dztwa Kujawsko-Pomorskiego na lata 2014-2020<\/strong> <strong>oraz Lokalnej Strategii Rozwoju kierowanej przez spo\u0142eczno\u015b\u0107 dla obszaru Powiatu Radziejowskiego na lata 2016-2023<\/strong> <\/p>\n\n\n\n<p>Numer konkursu nadany\nprzez LGD: II \/ RPO \/ EFS \/ 2019<\/p>\n\n\n\n<p><strong>ZAKRES\nTEMATYCZNY PROJEKTU: <\/strong><\/p>\n\n\n\n<p><strong>Cel og\u00f3lny: <\/strong>Poprawa jako\u015bci i standardu \u017cycia mieszka\u0144c\u00f3w obszaru LGD  w oparciu o zasoby lokalne <\/p>\n\n\n\n<p><strong>Cel szczeg\u00f3\u0142owy:<\/strong> Zwi\u0119kszenie \u015bwiadomo\u015bci i aktywno\u015bci spo\u0142eczno \u2013 zawodowej  8 000 mieszka\u0144c\u00f3w obszaru LSR w zakresie ochrony \u015brodowiska, dziedzictwa  kulturowego, przeciwdzia\u0142ania wykluczeniu spo\u0142ecznemu i ub\u00f3stwu do 2023  roku. <\/p>\n\n\n\n<p><strong>Przedsi\u0119wzi\u0119cie:<\/strong> Dzia\u0142ania na rzecz walki z wykluczeniem spo\u0142ecznym &nbsp;i ub\u00f3stwem<\/p>\n\n\n\n<p><strong>Szczeg\u00f3\u0142owy Opis Osi Priorytetowych RPO WK-P (dalej: SzOOP)<\/strong>  <br><strong>O\u015b Priorytetowa 11: <\/strong>Wzrost aktywizacji spo\u0142eczno-zawodowej mieszka\u0144c\u00f3w obj\u0119tych Lokalnymi Strategiami Rozwoju <\/p>\n\n\n\n<p><strong>Typ projektu SzOOP:<\/strong> <\/p>\n\n\n\n<p>Dzia\u0142ania wspieraj\u0105ce rozwi\u0105zania w zakresie organizowania spo\u0142eczno\u015bci lokalnej <br> i animacji spo\u0142ecznej z wykorzystaniem m.in.:<br> &#8211;&nbsp;&nbsp;&nbsp;&nbsp;&nbsp;&nbsp;&nbsp; us\u0142ug wzajemno\u015bciowych, samopomocowych; <br> &#8211;&nbsp;&nbsp;&nbsp;&nbsp;&nbsp;&nbsp;&nbsp; lidera lub animatora aktywno\u015bci lokalnej oraz obywatelskiej; <br> &#8211;&nbsp;&nbsp;&nbsp;&nbsp;&nbsp;&nbsp;&nbsp; inne rozwi\u0105zania w zakresie organizowania spo\u0142eczno\u015bci lokalnej i animacji spo\u0142ecznej; <\/p>\n\n\n\n<p><strong>O\u015b Priorytetowa 11: <br> <\/strong>Wzrost aktywizacji spo\u0142eczno-zawodowej mieszka\u0144c\u00f3w obj\u0119tych Lokalnymi Strategiami Rozwoju<\/p>\n\n\n\n<p><strong>Dzia\u0142anie 11.1: <br> <\/strong>W\u0142\u0105czenie spo\u0142eczne na obszarach obj\u0119tych LSR<\/p>\n\n\n\n<figure class=\"wp-block-table\"><table class=\"has-subtle-pale-blue-background-color has-background\"><tbody><tr><td>\n  <strong>I. <\/strong><strong>WST\u0118P<\/strong><strong><\/strong>\n  <\/td><\/tr><\/tbody><\/table><\/figure>\n\n\n\n<p>Og\u0142oszenie o naborze oraz pozosta\u0142a dokumentacja konkursowa zosta\u0142a opracowana  w oparciu o zapisy ustawy o rozwoju lokalnym kierowanym przez spo\u0142eczno\u015b\u0107 (Dz. U.&nbsp; z 2019 r. poz. 1167), zwana dalej: ustaw\u0105 o RLKS.<\/p>\n\n\n\n<p>Lokalna Grupa Dzia\u0142ania \u201eRazem dla Powiatu\nRadziejowskiego\u201d og\u0142asza nab\u00f3r wniosk\u00f3w o powierzenie grant\u00f3w w ramach\ndzia\u0142ania 11.1 W\u0142\u0105czenie spo\u0142eczne na obszarach obj\u0119tych LSR.<\/p>\n\n\n\n<p>(Numer konkursu: II \/ RPO \/ EFS \/ 2019).<\/p>\n\n\n\n<figure class=\"wp-block-table\"><table class=\"has-subtle-pale-blue-background-color has-background\"><tbody><tr><td>   <strong>II. TERMINY SK\u0141ADANIA WNIOSK\u00d3W<\/strong>   <\/td><\/tr><\/tbody><\/table><\/figure>\n\n\n\n<p>Termin, od kt\u00f3rego mo\u017cna sk\u0142ada\u0107 wnioski \u2013&nbsp; 29.01.2020 r. (data rozpocz\u0119cia naboru)<\/p>\n\n\n\n<p>Termin, do kt\u00f3rego mo\u017cna sk\u0142ada\u0107 wnioski \u2013 24.02.2020\nr. (data zako\u0144czenia naboru)<\/p>\n\n\n\n<p>Termin rozstrzygni\u0119cia naboru &#8211; II kwarta\u0142 2020\nr.<\/p>\n\n\n\n<figure class=\"wp-block-table\"><table class=\"has-subtle-pale-blue-background-color has-background\"><tbody><tr><td>\n  <strong>III.\n  MIEJSCE SK\u0141ADANIA WNIOSK\u00d3W<\/strong>\n  <\/td><\/tr><\/tbody><\/table><\/figure>\n\n\n\n<p>Wnioski o powierzenie grant\u00f3w nale\u017cy sk\u0142ada\u0107 w biurze Lokalnej Grupy Dzia\u0142ania \u201eRazem dla Powiatu Radziejowskiego\u201d: <\/p>\n\n\n\n<p><strong>ul. Ko\u015bciuszki 58<\/strong><br><strong>88 \u2013 200 Radziej\u00f3w<\/strong><br>w dni robocze tj. od poniedzia\u0142ku do pi\u0105tku, w godz. <strong>od 7.30 do 15.30.<\/strong><\/p>\n\n\n\n<figure class=\"wp-block-table\"><table class=\"has-subtle-pale-blue-background-color has-background\"><tbody><tr><td>   <strong>IV.   SPOS\u00d3B SK\u0141ADANIA WNIOSK\u00d3W<\/strong>   <\/td><\/tr><\/tbody><\/table><\/figure>\n\n\n\n<p>1. Formularz wniosku o powierzenie grantu i za\u0142\u0105czniki (wg obowi\u0105zuj\u0105cych wzor\u00f3w wskazanych w Og\u0142oszeniu o naborze) nale\u017cy pobra\u0107 ze strony www.lgd.com.pl i wype\u0142ni\u0107 elektronicznie. <\/p>\n\n\n\n<p>2.\nWersj\u0119 ostateczn\u0105 wype\u0142nionego formularza wniosku o powierzenie grantu nale\u017cy\nwydrukowa\u0107 i z\u0142o\u017cy\u0107 wraz z za\u0142\u0105cznikami i pismem przewodnim w biurze Lokalnej\nGrupy Dzia\u0142ania \u201eRazem dla Powiatu Radziejowskiego\u201d w terminie naboru. <\/p>\n\n\n\n<p>3.\nWymaga si\u0119 zachowania czytelno\u015bci wszystkich formularzy sk\u0142adanych w odpowiedzi\nna Og\u0142oszenie o naborze wniosk\u00f3w. <\/p>\n\n\n\n<p>4.\nWniosek o dofinansowanie projektu w wersji papierowej nale\u017cy z\u0142o\u017cy\u0107 w 2\negzemplarzach:<\/p>\n\n\n\n<p>1 egzemplarz: orygina\u0142 formularza wniosku + komplet za\u0142\u0105cznik\u00f3w i <br>2 egzemplarz: kopia formularza wniosku + kopia kompletu za\u0142\u0105cznik\u00f3w.<\/p>\n\n\n\n<p>5. Wniosek o powierzenie grantu mo\u017ce by\u0107 dostarczony:<br>&#8211; osobi\u015bcie, przez pe\u0142nomocnika lub osob\u0119 uprawnion\u0105 do reprezentacji, <br>&#8211; drog\u0105 pocztow\u0105 lub kurierem. <\/p>\n\n\n\n<p class=\"has-background has-cyan-bluish-gray-background-color\"><strong>Ka\u017cdorazowo\no dacie z\u0142o\u017cenia wniosku o powierzenie grantu decyduje data wp\u0142ywu do biura\nLGD.<\/strong><\/p>\n\n\n\n<p>6. Do wniosku o powierzenie grantu powinny zosta\u0107 za\u0142\u0105czone wszystkie wymagane za\u0142\u0105czniki okre\u015blone w Li\u015bcie za\u0142\u0105cznik\u00f3w stanowi\u0105cej za\u0142\u0105cznik do Og\u0142oszenia  o naborze. Za\u0142\u0105czniki do wniosku o powierzenie grantu powinny by\u0107 zgodne  z przepisami prawa polskiego i unijnego. <\/p>\n\n\n\n<p>7. Wniosek o powierzenie grantu powinien by\u0107 czytelnie podpisany przez wyznaczon\u0105 osob\u0119 lub wyznaczone osoby, uprawnion\u0105\/ne zgodnie z zasadami reprezentacji danego podmiotu, okre\u015blonymi w dokumencie rejestrowym lub statutowym (w przypadku podpisu nieczytelnego wymagana jest imienna piecz\u0105tka). Mo\u017cliwa jest sytuacja,  w kt\u00f3rej osoba uprawniona do podpisania wniosku upowa\u017cnia inn\u0105 osob\u0119 do jego podpisania. W takim przypadku do dokumentacji projektowej nale\u017cy do\u0142\u0105czy\u0107 pisemne upowa\u017cnienie w ww. zakresie. <\/p>\n\n\n\n<p>Powy\u017csze zasady nale\u017cy stosowa\u0107 odpowiednio do za\u0142\u0105cznik\u00f3w do wniosku <br>o powierzenie grantu. <\/p>\n\n\n\n<p>8. Kserokopia orygina\u0142u wniosku o powierzenie grantu i za\u0142\u0105cznik\u00f3w powinna by\u0107 potwierdzona za zgodno\u015b\u0107 z orygina\u0142em. Na pierwszej stronie kopii powinien znale\u017a\u0107 si\u0119 zapis: \u201eza zgodno\u015b\u0107 z orygina\u0142em\u201d, zakres po\u015bwiadczanych stron oraz czytelny podpis (w przypadku podpisu nieczytelnego wymagana jest imienna piecz\u0105tka) jednej z os\u00f3b uprawnionych do podpisania wniosku o powierzenie grantu. <\/p>\n\n\n\n<p>9.\nZ\u0142o\u017cone wnioski o powierzenie grantu winny by\u0107 wype\u0142nione w j\u0119zyku polskim.<\/p>\n\n\n\n<p>10. Wnioskodawca zobowi\u0105zany jest do powiadomienia LGD o jakichkolwiek zmianach adresowych oraz dotycz\u0105cych os\u00f3b prawnie upowa\u017cnionych do podpisania wniosku o powierzenie grantu oraz umowy o powierzenie grantu i upowa\u017cnionych do kontaktu w sprawach projektu niezw\u0142ocznie (nie p\u00f3\u017aniej ni\u017c w ci\u0105gu 7 dni kalendarzowych od dnia wyst\u0105pienia zdarzenia).<\/p>\n\n\n\n<figure class=\"wp-block-table\"><table class=\"has-subtle-pale-blue-background-color has-background\"><tbody><tr><td>\n  <strong>V. KTO MO\u017bE Z\u0141O\u017bY\u0106 WNIOSEK? <\/strong>\n  <\/td><\/tr><\/tbody><\/table><\/figure>\n\n\n\n<p>Wszystkie\npodmioty\nposiadaj\u0105ce zdolno\u015b\u0107 prawn\u0105 z wy\u0142\u0105czeniem os\u00f3b fizycznych (nie dotyczy os\u00f3b\nprowadz\u0105cych dzia\u0142alno\u015b\u0107 gospodarcz\u0105 lub o\u015bwiatow\u0105 na podstawie odr\u0119bnych\nprzepis\u00f3w).<\/p>\n\n\n\n<p>Nie dopuszcza si\u0119 sk\u0142adania wniosk\u00f3w w\npartnerstwie. <\/p>\n\n\n\n<figure class=\"wp-block-table\"><table class=\"has-subtle-pale-blue-background-color has-background\"><tbody><tr><td>\n  <strong>VI.\n  DO KOGO MA BY\u0106 SKIEROWANY GRANT (GRUPA DOCELOWA)<\/strong>\n  <\/td><\/tr><\/tbody><\/table><\/figure>\n\n\n\n<p>O\u015b 11:<\/p>\n\n\n\n<p>1. Osoby zagro\u017cone ub\u00f3stwem lub wykluczeniem\nspo\u0142ecznym z obszaru obj\u0119tego LSR, tj. Powiatu Radziejowskiego<\/p>\n\n\n\n<p>2. Otoczenie os\u00f3b zagro\u017conych ub\u00f3stwem lub\nwykluczeniem spo\u0142ecznym (w takim zakresie, w jakim jest to niezb\u0119dne dla\nwsparcia os\u00f3b zagro\u017conych ub\u00f3stwem lub wykluczeniem spo\u0142ecznym).<\/p>\n\n\n\n<figure class=\"wp-block-table\"><table class=\"has-subtle-pale-blue-background-color has-background\"><tbody><tr><td>\n  <strong>VII.\n  NA CO MO\u017bNA OTRZYMA\u0106 GRANT? <\/strong>\n  <\/td><\/tr><\/tbody><\/table><\/figure>\n\n\n\n<p>Dzia\u0142ania wspieraj\u0105ce rozwi\u0105zania w zakresie organizowania spo\u0142eczno\u015bci lokalnej  i animacji spo\u0142ecznej z wykorzystaniem m.in.:<\/p>\n\n\n\n<ul><li><strong>us\u0142ug wzajemno\u015bciowych, samopomocowych<\/strong>;<\/li><li><strong>lidera lub animatora aktywno\u015bci lokalnej oraz obywatelskiej<\/strong>;<\/li><li><strong>inne rozwi\u0105zania w zakresie organizowania spo\u0142eczno\u015bci lokalnej i animacji spo\u0142ecznej<\/strong><\/li><\/ul>\n\n\n\n<figure class=\"wp-block-table\"><table class=\"has-subtle-pale-blue-background-color has-background\"><tbody><tr><td>\n  <strong>VIII. WSKA\u0179NIKI REZULTATU I\n  PRODUKTU<\/strong>\n  <\/td><\/tr><\/tbody><\/table><\/figure>\n\n\n\n<p>O\u015b 11:<\/p>\n\n\n\n<p><strong>Wska\u017anik produktu zgodnie z SzOOP:<\/strong><br>&#8211; liczba os\u00f3b zagro\u017conych ub\u00f3stwem lub wykluczeniem spo\u0142ecznym obj\u0119tych wsparciem w programie.<\/p>\n\n\n\n<p><strong>Wska\u017anik rezultatu bezpo\u015bredniego zgodnie z SzOOP:<\/strong><br>&#8211; liczba os\u00f3b zagro\u017conych ub\u00f3stwem lub wykluczeniem spo\u0142ecznym, u kt\u00f3rych wzros\u0142a aktywno\u015b\u0107 spo\u0142eczna;<\/p>\n\n\n\n<p><strong>Wska\u017aniki produktu specyficzne dla Projektu Grantowego i LSR:<\/strong><br>&#8211; liczba os\u00f3b zagro\u017conych ub\u00f3stwem lub wykluczeniem spo\u0142ecznym obj\u0119tych us\u0142ugami aktywnej integracji o charakterze spo\u0142ecznym, edukacyjnym lub zdrowotnym; <br>&#8211; liczba os\u00f3b z otoczenia os\u00f3b zagro\u017conych ub\u00f3stwem lub wykluczeniem spo\u0142ecznym obj\u0119tych wsparciem w programie;<br>&#8211; liczba os\u00f3b zagro\u017conych ub\u00f3stwem lub wykluczeniem spo\u0142ecznym obj\u0119tych wsparciem w postaci us\u0142ug wzajemno\u015bciowych lub samopomocowych.<\/p>\n\n\n\n<p><strong>Wska\u017aniki rezultatu specyficzne dla Projektu Grantowego i LSR:<\/strong><br>&#8211; liczba os\u00f3b z otoczenia os\u00f3b zagro\u017conych ub\u00f3stwem lub wykluczeniem spo\u0142ecznym  u kt\u00f3rych nast\u0105pi\u0142 wzrost wiedzy lub umiej\u0119tno\u015bci w zakresie wspierania os\u00f3b zagro\u017conych ub\u00f3stwem lub wykluczeniem spo\u0142ecznym;<br>&#8211; liczba wdro\u017conych inicjatyw wzajemno\u015bciowych lub samopomocowych;<br>&#8211; liczba animator\u00f3w lub lider\u00f3w lokalnych, kt\u00f3ra uzyska\u0142a wsparcie EFS, \u015bwiadcz\u0105ca lub gotowa do \u015bwiadczenia us\u0142ugi po zako\u0144czeniu projektu;<br>&#8211; efektywno\u015b\u0107 spo\u0142eczna;<\/p>\n\n\n\n<p>Uwaga! Wnioskodawca, we wniosku o powierzenie grantu ma obowi\u0105zek wybra\u0107  z powy\u017cszej listy wszystkie te wska\u017aniki produktu i rezultatu bezpo\u015bredniego, kt\u00f3re b\u0119d\u0105 odzwierciedla\u0107 specyfik\u0119 i cele jego projektu.<\/p>\n\n\n\n<p><strong>UWAGA<\/strong>: Wymogi realizacyjne dotycz\u0105ce wska\u017anik\u00f3w produktu i rezultatu zawarto  w Zasadach udzielania wsparcia na projekty obj\u0119te grantami w ramach EFS.<\/p>\n\n\n\n<figure class=\"wp-block-table\"><table class=\"has-subtle-pale-blue-background-color has-background\"><tbody><tr><td>\n  <strong>IX. OG\u00d3LNA PULA \u015aRODK\u00d3W\n  PRZEZNACZONA NA DOFINANSOWANIE PROJEKT\u00d3W<\/strong>\n  <\/td><\/tr><\/tbody><\/table><\/figure>\n\n\n\n<p>Ca\u0142kowita kwota \u015brodk\u00f3w przeznaczonych na dofinansowanie projekt\u00f3w w\nkonkursie wynosi 750&nbsp;000,00\nPLN.<\/p>\n\n\n\n<figure class=\"wp-block-table\"><table class=\"has-subtle-pale-blue-background-color has-background\"><tbody><tr><td>   <strong>X.   FORMA WSPARCIA I POZIOM DOFINANSOWANIA PROJEKTU <\/strong><br><strong>ORAZ MAKSYMALNA I MINIMALNA WARTO\u015a\u0106 PROJEKTU<\/strong>   <\/td><\/tr><\/tbody><\/table><\/figure>\n\n\n\n<p>Forma\nwsparcia: zaliczka \/ refundacja<\/p>\n\n\n\n<p><strong>Maksymalny poziom dofinansowania<\/strong> ze \u015brodk\u00f3w EFS wynosi <strong>95 %<\/strong> wydatk\u00f3w kwalifikowanych na poziomie projektu.<\/p>\n\n\n\n<p>Grantobiorca\nzobowi\u0105zany jest do wniesienia <strong>finansowego<\/strong>\nwk\u0142adu w\u0142asnego &#8211; w wysoko\u015bci nie mniejszej ni\u017c 5% wydatk\u00f3w kwalifikowalnych\nprojektu obj\u0119tego grantem.\n<\/p>\n\n\n\n<p><strong>Maksymalna\nwarto\u015b\u0107 grantu wynosi 50 tys. z\u0142<\/strong>. Warto\u015b\u0107\ngrantu rozumiana jest jako kwota dofinansowania ze \u015brodk\u00f3w EFS.<\/p>\n\n\n\n<p class=\"has-background has-cyan-bluish-gray-background-color\">Maksymalny koszt wsparcia w przeliczeniu na jednego uczestnika projektu wynosi  <strong>3&nbsp; 604,9 z\u0142.<\/strong><\/p>\n\n\n\n<p><strong>W sytuacji przekroczenia wskazanego powy\u017cej maksymalnego kosztu wsparcia  w przeliczeniu na jednego uczestnika projektu, Rada LGD dokona obni\u017cenia uj\u0119tego w projekcie kosztu wsparcia przewidzianego na jednego uczestnika oraz kwoty grantu. <\/strong><\/p>\n\n\n\n<figure class=\"wp-block-table\"><table class=\"has-subtle-pale-blue-background-color has-background\"><tbody><tr><td>\n  <strong>XI. KRYTERIA WYBORU PROJEKT\u00d3W<\/strong>\n  <\/td><\/tr><\/tbody><\/table><\/figure>\n\n\n\n<p>Lokalna Grupa Dzia\u0142ania \u201eRazem dla Powiatu\nRadziejowskiego\u201d dokona oceny i wyboru projekt\u00f3w w oparciu o kryteria wyboru\nprojekt\u00f3w, kt\u00f3re zosta\u0142y szczeg\u00f3\u0142owo opisane w za\u0142\u0105czniku nr <strong>6 <\/strong>do Og\u0142oszenia.<\/p>\n\n\n\n<p>Minimalna\nliczba punkt\u00f3w, kt\u00f3rej uzyskanie jest warunkiem wyboru operacji wynosi <strong>20\npunkt\u00f3w<\/strong>.<\/p>\n\n\n\n<figure class=\"wp-block-table\"><table class=\"has-subtle-pale-blue-background-color has-background\"><tbody><tr><td><strong>XIII. ZASADY UDZIELANIA   WSPARCIA NA PROJEKTY OBJ\u0118TE <\/strong><br><strong>GRANTEM      <\/strong><\/td><\/tr><\/tbody><\/table><\/figure>\n\n\n\n<p>Szczeg\u00f3\u0142owe zasady dotycz\u0105ce naboru zawarte s\u0105 w <em>Zasadach\nudzielania wsparcia na projekty obj\u0119te grantem w ramach EFS, <\/em>stanowi\u0105cy za\u0142\u0105cznik nr <strong>1<\/strong> do Og\u0142oszenia. <\/p>\n\n\n\n<figure class=\"wp-block-table\"><table class=\"has-subtle-pale-blue-background-color has-background\"><tbody><tr><td>   <strong>XIV.   PYTANIA I ODPOWIEDZI DOTYCZ\u0104CE NABORU<\/strong>   <\/td><\/tr><\/tbody><\/table><\/figure>\n\n\n\n<p>Informacji dotycz\u0105cych konkursu udzielaj\u0105 pracownicy biura Lokalnej Grupy Dzia\u0142ania \u201eRazem dla Powiatu Radziejowskiego\u201d, czynnego od poniedzia\u0142ku do pi\u0105tku w godzinach: 7:30 \u2013 15.30.<\/p>\n\n\n\n<p>Z pytaniami\nmo\u017cna si\u0119 zg\u0142asza\u0107 osobi\u015bcie w biurze LGD lub telefonicznie pod numerem:\n530&nbsp;900&nbsp;618<\/p>\n\n\n\n<figure class=\"wp-block-table\"><table class=\"has-subtle-pale-blue-background-color has-background\"><tbody><tr><td>\n  <strong>XV. ZA\u0141\u0104CZNIKI<\/strong>\n  <\/td><\/tr><\/tbody><\/table><\/figure>\n\n\n\n<div class=\"wp-block-file\"><a href=\"https:\/\/lgd.com.pl\/archiwum24\/wp-content\/uploads\/2019\/12\/0.og\u0142oszenie-lider.pdf\" target=\"_blank\" rel=\"noreferrer noopener\">Og\u0142oszenie o naborze &#8211; pdf<\/a><\/div>\n\n\n\n<div class=\"wp-block-file\"><a href=\"https:\/\/lgd.com.pl\/archiwum24\/wp-content\/uploads\/2019\/12\/1..zasady-udzielenia-wsparcia-LIDER.pdf\" target=\"_blank\" rel=\"noreferrer noopener\">1. Zasady udzielania wsparcia na projekty obj\u0119te grantami w ramach EFS; <\/a><\/div>\n\n\n\n<div class=\"wp-block-file\"><a href=\"https:\/\/lgd.com.pl\/archiwum24\/wp-content\/uploads\/2019\/12\/2.wniosek-o-powierzenie-grantu.doc\" target=\"_blank\" rel=\"noreferrer noopener\">2. Wniosek o powierzenie grantu;<\/a><\/div>\n\n\n\n<div class=\"wp-block-file\"><a href=\"https:\/\/lgd.com.pl\/archiwum24\/wp-content\/uploads\/2019\/12\/3.wniosek-o-rozliczenie-grantu.doc\" target=\"_blank\" rel=\"noreferrer noopener\">3. Wniosek o rozliczenie grantu;<\/a><\/div>\n\n\n\n<div class=\"wp-block-file\"><a href=\"https:\/\/lgd.com.pl\/archiwum24\/wp-content\/uploads\/2019\/12\/4.Umowa-o-dofinansowanie-wraz-z-za\u0142\u0105cznikami-poprawiona-pa\u017adziernik-2019.doc\" target=\"_blank\" rel=\"noreferrer noopener\">4. Umowa o powierzenie grantu wraz z za\u0142\u0105cznikami;<\/a><\/div>\n\n\n\n<div class=\"wp-block-file\"><a href=\"https:\/\/lgd.com.pl\/archiwum24\/wp-content\/uploads\/2019\/12\/5.latalog-stawek-maksymalnych.pdf\" target=\"_blank\" rel=\"noreferrer noopener\">5. Katalog stawek maksymalnych;<\/a><\/div>\n\n\n\n<div class=\"wp-block-file\"><a href=\"https:\/\/lgd.com.pl\/archiwum24\/wp-content\/uploads\/2019\/12\/6.KRYTERIA-WYBORU-PROJEKT\u00d3W.pdf\" target=\"_blank\" rel=\"noreferrer noopener\">6. Kryteria wyboru projekt\u00f3w;<\/a><\/div>\n\n\n\n<div class=\"wp-block-file\"><a href=\"https:\/\/lgd.com.pl\/archiwum24\/wp-content\/uploads\/2019\/12\/7.-Karta-oceny-zgodno\u015bci-projektu-z-LSR.pdf\" target=\"_blank\" rel=\"noreferrer noopener\">7. Karta oceny zgodno\u015bci projektu z LSR;<\/a><\/div>\n\n\n\n<div class=\"wp-block-file\"><a href=\"https:\/\/lgd.com.pl\/archiwum24\/wp-content\/uploads\/2019\/12\/8.-wz\u00f3r-Karta-oceny-projektu-wg-lokalnych-kryteri\u00f3w-wyboru.pdf\" target=\"_blank\" rel=\"noreferrer noopener\">8. Karta oceny projektu wg lokalnych kryteri\u00f3w wyboru;<\/a><\/div>\n\n\n\n<div class=\"wp-block-file\"><a href=\"https:\/\/lgd.com.pl\/archiwum24\/wp-content\/uploads\/2019\/12\/9.-WZ\u00d3R-KARTA-WERYFIKACJI-WST\u0118PNEJ-WNIOSKU-O-POWIERZENIE-GRANTU.pdf\" target=\"_blank\" rel=\"noreferrer noopener\">9. Karta weryfikacji wst\u0119pnej;<\/a><\/div>\n\n\n\n<div class=\"wp-block-file\"><a href=\"https:\/\/lgd.com.pl\/archiwum24\/wp-content\/uploads\/2019\/12\/10.-Za\u0142\u0105cznik-nr-8-Wytyczne-w-zakresie-kwalifikowalno\u015bci-wydatk\u00f3w.pdf\" target=\"_blank\" rel=\"noreferrer noopener\">10. Wytyczne w zakresie kwalifikowalno\u015bci wydatk\u00f3w w ramach Europejskiego Funduszu Rozwoju Regionalnego, Europejskiego Funduszu Spo\u0142ecznego oraz Funduszu Sp\u00f3jno\u015bci na lata 2014- 2020 (z dnia 22.08.2019);<\/a><\/div>\n\n\n\n<div class=\"wp-block-file\"><a href=\"https:\/\/lgd.com.pl\/archiwum24\/wp-content\/uploads\/2019\/12\/11.-Wytyczne_wlaczenia_spolecznego_2019.pdf\" target=\"_blank\" rel=\"noreferrer noopener\">11. Wytyczne w zakresie realizacji przedsi\u0119wzi\u0119\u0107 w obszarze w\u0142\u0105czenia spo\u0142ecznego i zwalczania ub\u00f3stwa z wykorzystaniem \u015brodk\u00f3w Europejskiego Funduszu Spo\u0142ecznego i Europejskiego Funduszu Rozwoju Regionalnego na lata 2014-2020 (z dnia 08.07.2019);<\/a><\/div>\n\n\n\n<div class=\"wp-block-file\"><a href=\"https:\/\/lgd.com.pl\/archiwum24\/wp-content\/uploads\/2019\/12\/12-Efektywno\u015b\u0107-spo\u0142eczna-i-zatrudnieniowa-sierpie\u0144-2019.pdf\" target=\"_blank\" rel=\"noreferrer noopener\">12. Spos\u00f3b i metodologia mierzenia efektywno\u015bci spo\u0142ecznej i zatrudnieniowej;<\/a><\/div>\n\n\n\n<div class=\"wp-block-file\"><a href=\"https:\/\/lgd.com.pl\/archiwum24\/wp-content\/uploads\/2019\/12\/13.-Pomiar-efektywno\u015bci-spo\u0142ecznej-i-zatrudnieniowej-w-priorytecie-9i.pdf\" target=\"_blank\" rel=\"noreferrer noopener\">13. Pomiar efektywno\u015bci spo\u0142ecznej i zatrudnieniowej w celu tematycznym 9;<\/a><\/div>\n\n\n\n<div class=\"wp-block-file\"><a href=\"https:\/\/lgd.com.pl\/archiwum24\/wp-content\/uploads\/2019\/12\/14.LSR-pa\u017adziernik-2019-zwi\u0119kszona-kwota-RPO.pdf\" target=\"_blank\" rel=\"noreferrer noopener\">14. Lokalna Strategia Rozwoju kierowana przez spo\u0142eczno\u015b\u0107 dla obszaru Powiatu Radziejowskiego na lata 2016 \u2013 2023;<\/a><\/div>\n\n\n\n<div class=\"wp-block-file\"><a href=\"https:\/\/lgd.com.pl\/archiwum24\/wp-content\/uploads\/2019\/11\/0.Procedura-oceny-i-wyboru-projekt\u00f3w-obj\u0119tych-grantem-EFS-pa\u017adziernik-zatwierdzona.pdf\" target=\"_blank\" rel=\"noreferrer noopener\">15. Procedura oceny i wyboru Grantobiorc\u00f3w wraz z opisem sposobu rozliczania grant\u00f3w, monitoringu i kontroli w ramach Projekt\u00f3w Grantowych (EFS O\u015b 11);<\/a><\/div>\n\n\n\n<div class=\"wp-block-file\"><a href=\"https:\/\/lgd.com.pl\/archiwum24\/wp-content\/uploads\/2019\/12\/16.Wytyczne_w_zakresie_rownosci_zatwierdzone_050418.pdf\" target=\"_blank\" rel=\"noreferrer noopener\">16. Wytyczne w zakresie realizacji zasady r\u00f3wno\u015bci szans i niedyskryminacji;<\/a><\/div>\n\n\n\n<div class=\"wp-block-file\"><a href=\"https:\/\/lgd.com.pl\/archiwum24\/wp-content\/uploads\/2019\/12\/16.-Zalacznik_nr_1_do_Wytycznych_w_zakresie_rownosci_zatwiedzone_050418.pdf\" target=\"_blank\" rel=\"noreferrer noopener\">Za\u0142\u0105cznik nr 1 do Wytycznych w zakresie realizacji zasady r\u00f3wno\u015bci szans i niedyskryminacji.<\/a><\/div>\n","protected":false},"excerpt":{"rendered":"<p>Og\u0142oszenie o naborze wniosk\u00f3w o powierzenie grant\u00f3w Lokalna Grupa Dzia\u0142ania \u201eRazem dla Powiatu Radziejowskiego\u201d informuje o mo\u017cliwo\u015bci sk\u0142adania wniosk\u00f3w o powierzenie grantu w ramach: Regionalnego Programu Operacyjnego Wojew\u00f3dztwa Kujawsko-Pomorskiego na lata 2014-2020 oraz Lokalnej Strategii Rozwoju kierowanej przez spo\u0142eczno\u015b\u0107 dla obszaru Powiatu Radziejowskiego na lata 2016-2023 Numer konkursu nadany przez LGD: II \/ RPO \/ [&hellip;]<\/p>\n","protected":false},"author":2,"featured_media":0,"comment_status":"open","ping_status":"open","sticky":false,"template":"","format":"standard","meta":{"footnotes":""},"categories":[23],"tags":[],"_links":{"self":[{"href":"https:\/\/lgd.com.pl\/archiwum24\/wp-json\/wp\/v2\/posts\/3672"}],"collection":[{"href":"https:\/\/lgd.com.pl\/archiwum24\/wp-json\/wp\/v2\/posts"}],"about":[{"href":"https:\/\/lgd.com.pl\/archiwum24\/wp-json\/wp\/v2\/types\/post"}],"author":[{"embeddable":true,"href":"https:\/\/lgd.com.pl\/archiwum24\/wp-json\/wp\/v2\/users\/2"}],"replies":[{"embeddable":true,"href":"https:\/\/lgd.com.pl\/archiwum24\/wp-json\/wp\/v2\/comments?post=3672"}],"version-history":[{"count":9,"href":"https:\/\/lgd.com.pl\/archiwum24\/wp-json\/wp\/v2\/posts\/3672\/revisions"}],"predecessor-version":[{"id":3913,"href":"https:\/\/lgd.com.pl\/archiwum24\/wp-json\/wp\/v2\/posts\/3672\/revisions\/3913"}],"wp:attachment":[{"href":"https:\/\/lgd.com.pl\/archiwum24\/wp-json\/wp\/v2\/media?parent=3672"}],"wp:term":[{"taxonomy":"category","embeddable":true,"href":"https:\/\/lgd.com.pl\/archiwum24\/wp-json\/wp\/v2\/categories?post=3672"},{"taxonomy":"post_tag","embeddable":true,"href":"https:\/\/lgd.com.pl\/archiwum24\/wp-json\/wp\/v2\/tags?post=3672"}],"curies":[{"name":"wp","href":"https:\/\/api.w.org\/{rel}","templated":true}]}}