{"id":3196,"date":"2018-12-17T13:49:08","date_gmt":"2018-12-17T12:49:08","guid":{"rendered":"https:\/\/lgd.com.pl\/?p=3196"},"modified":"2021-10-14T11:34:34","modified_gmt":"2021-10-14T09:34:34","slug":"lokalna-grupa-dzialania-razem-dla-powiatu-radziejowskiego-w-perspektywie-finansowej-2014-2020","status":"publish","type":"post","link":"https:\/\/lgd.com.pl\/archiwum24\/lokalna-grupa-dzialania-razem-dla-powiatu-radziejowskiego-w-perspektywie-finansowej-2014-2020\/","title":{"rendered":"Lokalna Grupa Dzia\u0142ania \u201eRazem dla Powiatu Radziejowskiego\u201d w perspektywie finansowej 2014-2020"},"content":{"rendered":"<p style=\"text-align: justify;\">G\u0142\u00f3wnym zadaniem Lokalnej Grupy Dzia\u0142ania \u201eRazem dla Powiatu Radziejowskiego\u201d jest realizacja Lokalnej Strategii Rozwoju na lata 2014-2020. W tym celu og\u0142aszamy nabory wniosk\u00f3w o dofinansowanie, organizujemy spotkania, szkolenia dla beneficjent\u00f3w,\u00a0 przeprowadzamy wiele dzia\u0142a\u0144 informacyjno \u2013 doradczych.<\/p>\n<p style=\"text-align: justify;\">W bie\u017c\u0105cym roku og\u0142osili\u015bmy w trybie konkursowym trzy nabory wniosk\u00f3w o\u00a0przyznanie pomocy w ramach \u015brodk\u00f3w Programu Rozwoju Obszar\u00f3w Wiejskich Wojew\u00f3dztwa Kujawsko \u2013 Pomorskiego na lata 2014-2020.<\/p>\n<p style=\"text-align: justify;\">I konkurs dotyczy\u0142 rozwoju og\u00f3lnodost\u0119pnej i niekomercyjnej infrastruktury turystycznej, lub rekreacyjnej, lub kulturalnej. Limit dost\u0119pnych \u015brodk\u00f3w w naborze wyni\u00f3s\u0142 509.\u00a0885,66 z\u0142. Dzi\u0119ki realizacji projekt\u00f3w, kt\u00f3re zosta\u0142y wybrane przez Rad\u0119 LGD na obszarze wdra\u017cania strategii powstan\u0105 si\u0142ownie zewn\u0119trzne, place zabaw oraz pla\u017ca publiczna nad Jeziorem G\u0142uszy\u0144skim. Wnioski weryfikowane s\u0105 przez Urz\u0105d Marsza\u0142kowski w Toruniu.<\/p>\n<p style=\"text-align: justify;\">II konkurs dotyczy\u0142 podejmowania dzia\u0142alno\u015bci gospodarczej. LGD przeznaczy\u0142o \u015brodki w\u00a0wysoko\u015bci 700. 000,00 z\u0142. Kwota dofinansowania na jeden projekt to 100. 000,00 z\u0142. Do biura LGD wp\u0142yn\u0119\u0142o 13 wniosk\u00f3w z czego 7 zmie\u015bci\u0142o si\u0119 w limicie dost\u0119pnych \u015brodk\u00f3w. Dzi\u0119ki tym \u015brodkom powstan\u0105 nowe firmy \u015bwiadcz\u0105ce us\u0142ugi m.in.: minikopark\u0105, autolawet\u0105, sprz\u0105tania, naprawy i konserwacji pojazd\u00f3w, animacji czy us\u0142ugi termowizyjne. Wnioski r\u00f3wnie\u017c s\u0105 w trakcie weryfikacji.<\/p>\n<p style=\"text-align: justify;\"><strong>III <\/strong>konkurs to rozwijanie dzia\u0142alno\u015bci gospodarczej. W ramach naboru do biura LGD wp\u0142yn\u0119\u0142o 16 wniosk\u00f3w, z kt\u00f3rych Rada LGD wybra\u0142a 6. Wybrani wnioskodawcy dzi\u0119ki funduszom unijnym PROW 2014-2020 b\u0119d\u0105 mogli rozwija\u0107 dzia\u0142alno\u015bci gospodarcze a tak\u017ce tworzy\u0107 nowe miejsca pracy. LGD w ramach tego konkursu przeznaczy\u0142o \u015brodki w wysoko\u015bci 1. 600. 000,00 z\u0142.<\/p>\n<p style=\"text-align: justify;\">W ramach Regionalnego Programu Operacyjnego Wojew\u00f3dztwa Kujawsko \u2013 Pomorskiego na lata 2014-2020, \u015brodk\u00f3w EFRR nasza Grupa \u00a0jako pierwsza w\u00a0Wojew\u00f3dztwie og\u0142osi\u0142a nab\u00f3r \u00a0rewitalizacjia obszar\u00f3w wiejskich. W zwi\u0105zku z tym dr Marek Szuszman \u2013 Prezes LGD otrzyma\u0142 gratulacje od Marsza\u0142ka Wojew\u00f3dztwa Kujawsko \u2013 Pomorskiego Piotra Ca\u0142beckiego za czynne i efektywne zaanga\u017cowanie w zakresie dzia\u0142a\u0144 rewitalizacyjnych prowadzonych w naszym Wojew\u00f3dztwie. Jak podkre\u015bli\u0142 Pan Marsza\u0142ek: <strong><em>\u201eSprawne i skuteczne przygotowanie Lokalnego Programu Rewitalizacji Gminy Radziej\u00f3w oraz wsp\u00f3\u0142praca z LGD poskutkowa\u0142y powstaniem jednego z pierwszych, wpisanych do Wykazu Program\u00f3w Rewitalizacji WK-P dokumentu oraz og\u0142oszeniem pionierskiego konkursu w ramach Dzia\u0142ania 7.1 RPO WK-P, ukierunkowanego na wsparcie infrastrukturalnych projekt\u00f3w rewitalizacyjnych w ramach mechanizmu RLKS\u201d.\u00a0 <\/em><\/strong><\/p>\n<p style=\"text-align: justify;\">W naborze Gmina Radziej\u00f3w z\u0142o\u017cy\u0142a dwa wnioski na rozbudow\u0119 i przebudow\u0119 \u015bwietlicy wiejskiej w Opatowicach i Zagorzycach, natomiast Gmina Dobre na przebudow\u0119 budynku komunalnego wraz ze zmian\u0105 sposobu jego u\u017cytkowania na budynek u\u017cyteczno\u015bci publicznej. Z\u0142o\u017cone wnioski zaowocowa\u0142y podpisaniem um\u00f3w. Na projekty w ramach tego naboru przeznaczyli\u015bmy \u015brodki w wysoko\u015bci 1.741.436,00 z\u0142.<\/p>\n<p style=\"text-align: justify;\">Ponadto og\u0142osili\u015bmy nab\u00f3r wniosk\u00f3w o powierzenie grant\u00f3w w zakresie wdro\u017cenia rozwi\u0105za\u0144 z obszaru aktywnej integracji o charakterze \u015brodowiskowym np. kluby m\u0142odzie\u017cowe. Grantobiorcy stworz\u0105 na obszarze Powiatu Radziejowskiego \u0142\u0105cznie 13 klub\u00f3w m\u0142odzie\u017cowych. Odbiorcami wsparcia b\u0119d\u0105 dzieci i m\u0142odzie\u017c w wieku szkolnym tj., 6-7 lat do 18 roku \u017cycia. Projekty obj\u0119te grantami b\u0119d\u0105 realizowane w ramach Projektu Grantowego <strong><em>Wdra\u017canie Strategii Rozwoju Lokalnego Kierowanego przez Spo\u0142eczno\u015b\u0107 Lokalnej Grupy Dzia\u0142ania \u201eRazem dla Powiatu Radziejowskiego\u201d<\/em><\/strong>, zgodnie z umow\u0105 o dofinansowanie UM_SE.433.1.237.2017. Projekt jest wsp\u00f3\u0142finansowany z Europejskiego Funduszu Spo\u0142ecznego w ramach Osi Priorytetowej 11 Rozw\u00f3j lokalny kierowany przez spo\u0142eczno\u015b\u0107 Dzia\u0142ania 11.1 W\u0142\u0105czenie spo\u0142eczne na obszarach obj\u0119tych LSR Regionalnego Programu Operacyjnego Wojew\u00f3dztwa Kujawsko \u2013 Pomorskiego na lata 2014 \u2013 2020.<\/p>\n<p style=\"text-align: justify;\">W ramach koszt\u00f3w bie\u017c\u0105cych i animacji spotykali\u015bmy si\u0119 z wnioskodawcami na szkoleniach, udzielali\u015bmy bezp\u0142atnego doradztwa.<\/p>\n<p style=\"text-align: justify;\">W sezonie letnim uczestniczyli\u015bmy w\u00a0licznych imprezach plenerowych na terenie Powiatu Radziejowskiego tj.: w festynie na powitanie lata w D\u0119biankach w Gminie Top\u00f3lka, festynie w Osi\u0119cinach, a tak\u017ce w Radziejowskim festynie przyrodniczym. Z Gmin\u0105 Dobre rozpocz\u0119li\u015bmy bezpiecznie wakacje na pikniku w Smarglinie oraz go\u015bcinnie w rajdzie rowerowym organizowanym przez Stowarzyszenie \u201ePromyk Nadziei\u201d. Z przyjemno\u015bci\u0105 uczestniczyli\u015bmy w do\u017cynkach gminno-parafialnych w Pio\u0142unowie w Gminie Radziej\u00f3w oraz przegl\u0105dzie zespo\u0142\u00f3w folklorystycznych w Broniewie. Z w\u0142adzami Miasta i Gminy Piotrk\u00f3w Kujawski \u015bwi\u0119towali\u015bmy wyj\u0105tkowo upalne Dni Piotrkowa Kujawskiego. W Gminie Byto\u0144 podczas pikniku rodzinnego uk\u0142onili\u015bmy si\u0119 Europie.<\/p>\n<p style=\"text-align: justify;\">Podczas imprez w mobilnych punktach informacyjno-doradczych przekazywali\u015bmy mieszka\u0144com informacje o lokalnej strategii rozwoju, og\u0142aszanych naborach\u00a0 i\u00a0 zasadach\u00a0 udzielania\u00a0 pomocy. Mieszka\u0144cy obszaru LGD mogli r\u00f3wnie\u017c otrzyma\u0107 materia\u0142y promuj\u0105ce LSR. Wszystkim dzieciom zapewniali\u015bmy dobr\u0105 zabaw\u0119 poprzez dzia\u0142ania animacyjne. Weso\u0142e miasteczko:\u00a0 dmucha\u0144ce, zje\u017cd\u017calnie i trampoliny sprawia\u0142y dzieciom wiele rado\u015bci a\u00a0wszystkich uczestnik\u00f3w imprez cz\u0119stowali\u015bmy groch\u00f3wk\u0105.<\/p>\n<p style=\"text-align: justify;\">W miesi\u0105cach lipcu, wrze\u015bniu i grudniu zorganizowali\u015bmy wyjazdy studyjne do Bydgoszczy, Torunia oraz na Pojezierze Brodnickie. Celem wizyt by\u0142o zapoznanie uczestnik\u00f3w z dzia\u0142alno\u015bci\u0105 podmiot\u00f3w ekonomii spo\u0142ecznej, nabycie wiedzy i umiej\u0119tno\u015bci w\u00a0zakresie aktywizacji spo\u0142eczno-ekonomicznej mieszka\u0144c\u00f3w z obszaru obj\u0119tego LSR, poznanie dobrych praktyk przedsi\u0119biorczo\u015bci spo\u0142ecznej, wymiana do\u015bwiadcze\u0144.<\/p>\n<p style=\"text-align: justify;\">We wrze\u015bniu w Gminnym O\u015brodku Kulturalno &#8211; Bibliotecznym w Czo\u0142owie odby\u0142y si\u0119 warsztaty decoupage, w ramach kt\u00f3rych uczestnicy zapoznali si\u0119 z metod\u0105 shabby chic tj. postarzania przedmiot\u00f3w. Do udzia\u0142u w warsztatach zach\u0119cane by\u0142y osoby pozostaj\u0105ce w\u00a0domu, wychowuj\u0105ce dzieci. Na czas trwania warsztat\u00f3w LGD zapewni\u0142o ma\u0142oletnim opiek\u0119, liczne dzia\u0142ania animacyjne, gry i zabawy. Ponadto r\u00f3wnie\u017c we wrze\u015bniu odby\u0142o si\u0119 spotkanie aktywizuj\u0105ce spo\u0142eczno\u015b\u0107 lokaln\u0105 w ramach, kt\u00f3rego uczestniczki bra\u0142y udzia\u0142 w warsztatach kosmetycznych, podczas kt\u00f3rych panie pozna\u0142y tajniki robienia w\u0142a\u015bciwego makija\u017cu oraz piel\u0119gnacji d\u0142oni.<\/p>\n<p style=\"text-align: justify;\">W pa\u017adzierniku zosta\u0142y zorganizowane warsztaty r\u0119kodzielnicze, w ramach kt\u00f3rych dzieci wykonywa\u0142y ozdoby \u015bwi\u0105teczne a dla doros\u0142ych zosta\u0142y zorganizowane zaj\u0119cia z\u00a0psychologiem. Temat zaj\u0119\u0107: \u201eProblemy wychowawcze dzieci i m\u0142odzie\u017cy \u2013 strategie post\u0119powania\u201d.<\/p>\n<p style=\"text-align: justify;\">Osoby, kt\u00f3re chc\u0105 dowiedzie\u0107 si\u0119 wi\u0119cej o dzia\u0142alno\u015bci LGD, Lokalnej Strategii Rozwoju, zasadach przyznawania pomocy, typach operacji zapraszamy do biura LGD przy ul. Ko\u015bciuszki 58 w Radziejowie, gdzie pracownicy Stowarzyszenia udziel\u0105 bezp\u0142atnego doradztwa.<\/p>\n<p><a href=\"https:\/\/lgd.com.pl\/archiwum24\/wp-content\/uploads\/2018\/12\/WP_20180729_16_52_13_Pro.jpg\"><img loading=\"lazy\" decoding=\"async\" class=\"aligncenter size-full wp-image-3197\" src=\"https:\/\/lgd.com.pl\/archiwum24\/wp-content\/uploads\/2018\/12\/WP_20180729_16_52_13_Pro.jpg\" alt=\"\" width=\"3264\" height=\"1840\" srcset=\"https:\/\/lgd.com.pl\/archiwum24\/wp-content\/uploads\/2018\/12\/WP_20180729_16_52_13_Pro.jpg 3264w, https:\/\/lgd.com.pl\/archiwum24\/wp-content\/uploads\/2018\/12\/WP_20180729_16_52_13_Pro-300x169.jpg 300w, https:\/\/lgd.com.pl\/archiwum24\/wp-content\/uploads\/2018\/12\/WP_20180729_16_52_13_Pro-768x433.jpg 768w, https:\/\/lgd.com.pl\/archiwum24\/wp-content\/uploads\/2018\/12\/WP_20180729_16_52_13_Pro-1024x577.jpg 1024w, https:\/\/lgd.com.pl\/archiwum24\/wp-content\/uploads\/2018\/12\/WP_20180729_16_52_13_Pro-696x392.jpg 696w, https:\/\/lgd.com.pl\/archiwum24\/wp-content\/uploads\/2018\/12\/WP_20180729_16_52_13_Pro-1068x602.jpg 1068w, https:\/\/lgd.com.pl\/archiwum24\/wp-content\/uploads\/2018\/12\/WP_20180729_16_52_13_Pro-745x420.jpg 745w\" sizes=\"(max-width: 3264px) 100vw, 3264px\" \/><\/a> <a href=\"https:\/\/lgd.com.pl\/archiwum24\/wp-content\/uploads\/2018\/12\/WP_20180924_13_10_09_Pro.jpg\"><img loading=\"lazy\" decoding=\"async\" class=\"aligncenter size-full wp-image-3199\" src=\"https:\/\/lgd.com.pl\/archiwum24\/wp-content\/uploads\/2018\/12\/WP_20180924_13_10_09_Pro.jpg\" alt=\"\" width=\"3264\" height=\"1840\" srcset=\"https:\/\/lgd.com.pl\/archiwum24\/wp-content\/uploads\/2018\/12\/WP_20180924_13_10_09_Pro.jpg 3264w, https:\/\/lgd.com.pl\/archiwum24\/wp-content\/uploads\/2018\/12\/WP_20180924_13_10_09_Pro-300x169.jpg 300w, https:\/\/lgd.com.pl\/archiwum24\/wp-content\/uploads\/2018\/12\/WP_20180924_13_10_09_Pro-768x433.jpg 768w, https:\/\/lgd.com.pl\/archiwum24\/wp-content\/uploads\/2018\/12\/WP_20180924_13_10_09_Pro-1024x577.jpg 1024w, https:\/\/lgd.com.pl\/archiwum24\/wp-content\/uploads\/2018\/12\/WP_20180924_13_10_09_Pro-696x392.jpg 696w, https:\/\/lgd.com.pl\/archiwum24\/wp-content\/uploads\/2018\/12\/WP_20180924_13_10_09_Pro-1068x602.jpg 1068w, https:\/\/lgd.com.pl\/archiwum24\/wp-content\/uploads\/2018\/12\/WP_20180924_13_10_09_Pro-745x420.jpg 745w\" sizes=\"(max-width: 3264px) 100vw, 3264px\" \/><\/a> <a href=\"https:\/\/lgd.com.pl\/archiwum24\/wp-content\/uploads\/2018\/12\/WP_20181211_09_55_00_Pro.jpg\"><img loading=\"lazy\" decoding=\"async\" class=\"aligncenter size-full wp-image-3200\" src=\"https:\/\/lgd.com.pl\/archiwum24\/wp-content\/uploads\/2018\/12\/WP_20181211_09_55_00_Pro.jpg\" alt=\"\" width=\"3264\" height=\"1840\" srcset=\"https:\/\/lgd.com.pl\/archiwum24\/wp-content\/uploads\/2018\/12\/WP_20181211_09_55_00_Pro.jpg 3264w, https:\/\/lgd.com.pl\/archiwum24\/wp-content\/uploads\/2018\/12\/WP_20181211_09_55_00_Pro-300x169.jpg 300w, https:\/\/lgd.com.pl\/archiwum24\/wp-content\/uploads\/2018\/12\/WP_20181211_09_55_00_Pro-768x433.jpg 768w, https:\/\/lgd.com.pl\/archiwum24\/wp-content\/uploads\/2018\/12\/WP_20181211_09_55_00_Pro-1024x577.jpg 1024w, https:\/\/lgd.com.pl\/archiwum24\/wp-content\/uploads\/2018\/12\/WP_20181211_09_55_00_Pro-696x392.jpg 696w, https:\/\/lgd.com.pl\/archiwum24\/wp-content\/uploads\/2018\/12\/WP_20181211_09_55_00_Pro-1068x602.jpg 1068w, https:\/\/lgd.com.pl\/archiwum24\/wp-content\/uploads\/2018\/12\/WP_20181211_09_55_00_Pro-745x420.jpg 745w\" sizes=\"(max-width: 3264px) 100vw, 3264px\" \/><\/a> <a href=\"https:\/\/lgd.com.pl\/archiwum24\/wp-content\/uploads\/2018\/12\/4.jpg\"><img loading=\"lazy\" decoding=\"async\" class=\"aligncenter size-full wp-image-3202\" src=\"https:\/\/lgd.com.pl\/archiwum24\/wp-content\/uploads\/2018\/12\/4.jpg\" alt=\"\" width=\"3264\" height=\"1840\" srcset=\"https:\/\/lgd.com.pl\/archiwum24\/wp-content\/uploads\/2018\/12\/4.jpg 3264w, https:\/\/lgd.com.pl\/archiwum24\/wp-content\/uploads\/2018\/12\/4-300x169.jpg 300w, https:\/\/lgd.com.pl\/archiwum24\/wp-content\/uploads\/2018\/12\/4-768x433.jpg 768w, https:\/\/lgd.com.pl\/archiwum24\/wp-content\/uploads\/2018\/12\/4-1024x577.jpg 1024w, https:\/\/lgd.com.pl\/archiwum24\/wp-content\/uploads\/2018\/12\/4-696x392.jpg 696w, https:\/\/lgd.com.pl\/archiwum24\/wp-content\/uploads\/2018\/12\/4-1068x602.jpg 1068w, https:\/\/lgd.com.pl\/archiwum24\/wp-content\/uploads\/2018\/12\/4-745x420.jpg 745w\" sizes=\"(max-width: 3264px) 100vw, 3264px\" \/><\/a> <a href=\"https:\/\/lgd.com.pl\/archiwum24\/wp-content\/uploads\/2018\/12\/WP_20180929_11_29_58_Pro-e1545050682763.jpg\"><img loading=\"lazy\" decoding=\"async\" class=\"aligncenter size-full wp-image-3203\" src=\"https:\/\/lgd.com.pl\/archiwum24\/wp-content\/uploads\/2018\/12\/WP_20180929_11_29_58_Pro-e1545050682763.jpg\" alt=\"\" width=\"1840\" height=\"3264\" srcset=\"https:\/\/lgd.com.pl\/archiwum24\/wp-content\/uploads\/2018\/12\/WP_20180929_11_29_58_Pro-e1545050682763.jpg 1840w, https:\/\/lgd.com.pl\/archiwum24\/wp-content\/uploads\/2018\/12\/WP_20180929_11_29_58_Pro-e1545050682763-169x300.jpg 169w, https:\/\/lgd.com.pl\/archiwum24\/wp-content\/uploads\/2018\/12\/WP_20180929_11_29_58_Pro-e1545050682763-768x1362.jpg 768w, https:\/\/lgd.com.pl\/archiwum24\/wp-content\/uploads\/2018\/12\/WP_20180929_11_29_58_Pro-e1545050682763-577x1024.jpg 577w, https:\/\/lgd.com.pl\/archiwum24\/wp-content\/uploads\/2018\/12\/WP_20180929_11_29_58_Pro-e1545050682763-696x1235.jpg 696w, https:\/\/lgd.com.pl\/archiwum24\/wp-content\/uploads\/2018\/12\/WP_20180929_11_29_58_Pro-e1545050682763-1068x1895.jpg 1068w, https:\/\/lgd.com.pl\/archiwum24\/wp-content\/uploads\/2018\/12\/WP_20180929_11_29_58_Pro-e1545050682763-237x420.jpg 237w\" sizes=\"(max-width: 1840px) 100vw, 1840px\" \/><\/a><\/p>\n","protected":false},"excerpt":{"rendered":"<p>G\u0142\u00f3wnym zadaniem Lokalnej Grupy Dzia\u0142ania \u201eRazem dla Powiatu Radziejowskiego\u201d jest realizacja Lokalnej Strategii Rozwoju na lata 2014-2020. W tym celu og\u0142aszamy nabory wniosk\u00f3w o dofinansowanie, organizujemy spotkania, szkolenia dla beneficjent\u00f3w,\u00a0 przeprowadzamy wiele dzia\u0142a\u0144 informacyjno \u2013 doradczych. W bie\u017c\u0105cym roku og\u0142osili\u015bmy w trybie konkursowym trzy nabory wniosk\u00f3w o\u00a0przyznanie pomocy w ramach \u015brodk\u00f3w Programu Rozwoju Obszar\u00f3w Wiejskich [&hellip;]<\/p>\n","protected":false},"author":2,"featured_media":3205,"comment_status":"open","ping_status":"open","sticky":false,"template":"","format":"standard","meta":{"footnotes":""},"categories":[7,17],"tags":[],"_links":{"self":[{"href":"https:\/\/lgd.com.pl\/archiwum24\/wp-json\/wp\/v2\/posts\/3196"}],"collection":[{"href":"https:\/\/lgd.com.pl\/archiwum24\/wp-json\/wp\/v2\/posts"}],"about":[{"href":"https:\/\/lgd.com.pl\/archiwum24\/wp-json\/wp\/v2\/types\/post"}],"author":[{"embeddable":true,"href":"https:\/\/lgd.com.pl\/archiwum24\/wp-json\/wp\/v2\/users\/2"}],"replies":[{"embeddable":true,"href":"https:\/\/lgd.com.pl\/archiwum24\/wp-json\/wp\/v2\/comments?post=3196"}],"version-history":[{"count":2,"href":"https:\/\/lgd.com.pl\/archiwum24\/wp-json\/wp\/v2\/posts\/3196\/revisions"}],"predecessor-version":[{"id":4539,"href":"https:\/\/lgd.com.pl\/archiwum24\/wp-json\/wp\/v2\/posts\/3196\/revisions\/4539"}],"wp:featuredmedia":[{"embeddable":true,"href":"https:\/\/lgd.com.pl\/archiwum24\/wp-json\/wp\/v2\/media\/3205"}],"wp:attachment":[{"href":"https:\/\/lgd.com.pl\/archiwum24\/wp-json\/wp\/v2\/media?parent=3196"}],"wp:term":[{"taxonomy":"category","embeddable":true,"href":"https:\/\/lgd.com.pl\/archiwum24\/wp-json\/wp\/v2\/categories?post=3196"},{"taxonomy":"post_tag","embeddable":true,"href":"https:\/\/lgd.com.pl\/archiwum24\/wp-json\/wp\/v2\/tags?post=3196"}],"curies":[{"name":"wp","href":"https:\/\/api.w.org\/{rel}","templated":true}]}}