{"id":3142,"date":"2018-10-30T09:04:41","date_gmt":"2018-10-30T08:04:41","guid":{"rendered":"https:\/\/lgd.com.pl\/?p=3142"},"modified":"2018-10-30T09:04:41","modified_gmt":"2018-10-30T08:04:41","slug":"ogloszenie-o-naborze-wnioskow-o-powierzenie-grantow-nr-i-rpo-efs-2018-kluby-mlodziezowe-i-lub-inne-z-obszaru-aktywnej-integracji-o-charakterze-srodowiskowym","status":"publish","type":"post","link":"https:\/\/lgd.com.pl\/archiwum24\/ogloszenie-o-naborze-wnioskow-o-powierzenie-grantow-nr-i-rpo-efs-2018-kluby-mlodziezowe-i-lub-inne-z-obszaru-aktywnej-integracji-o-charakterze-srodowiskowym\/","title":{"rendered":"Og\u0142oszenie o naborze wniosk\u00f3w  o powierzenie grant\u00f3w nr I \/ RPO \/ EFS \/ 2018 &#8211; kluby m\u0142odzie\u017cowe i\/lub inne z obszaru aktywnej integracji o charakterze \u015brodowiskowym"},"content":{"rendered":"<p style=\"text-align: right;\"><a href=\"https:\/\/lgd.com.pl\/archiwum24\/wp-content\/uploads\/2018\/10\/efs-kolor-flaga.jpg\"><img loading=\"lazy\" decoding=\"async\" class=\"aligncenter size-full wp-image-3164\" src=\"https:\/\/lgd.com.pl\/archiwum24\/wp-content\/uploads\/2018\/10\/efs-kolor-flaga.jpg\" alt=\"\" width=\"1649\" height=\"169\" srcset=\"https:\/\/lgd.com.pl\/archiwum24\/wp-content\/uploads\/2018\/10\/efs-kolor-flaga.jpg 1649w, https:\/\/lgd.com.pl\/archiwum24\/wp-content\/uploads\/2018\/10\/efs-kolor-flaga-300x31.jpg 300w, https:\/\/lgd.com.pl\/archiwum24\/wp-content\/uploads\/2018\/10\/efs-kolor-flaga-768x79.jpg 768w, https:\/\/lgd.com.pl\/archiwum24\/wp-content\/uploads\/2018\/10\/efs-kolor-flaga-1024x105.jpg 1024w, https:\/\/lgd.com.pl\/archiwum24\/wp-content\/uploads\/2018\/10\/efs-kolor-flaga-696x71.jpg 696w, https:\/\/lgd.com.pl\/archiwum24\/wp-content\/uploads\/2018\/10\/efs-kolor-flaga-1068x109.jpg 1068w\" sizes=\"(max-width: 1649px) 100vw, 1649px\" \/><\/a>Radziej\u00f3w, \u00a030 pa\u017adziernika 2018 r.<\/p>\n<p style=\"text-align: center;\"><strong>Og\u0142oszenie o naborze wniosk\u00f3w o powierzenie grant\u00f3w<\/strong><\/p>\n<p style=\"text-align: center;\">Numer naboru: I \/ RPO \/ EFS \/ 2018<\/p>\n<p style=\"text-align: center;\"><strong>\u00a0<\/strong><strong>\u00a0<\/strong><strong>Lokalna Grupa Dzia\u0142ania \u201eRazem dla Powiatu Radziejowskiego\u201d<\/strong><\/p>\n<p style=\"text-align: center;\">informuje o mo\u017cliwo\u015bci sk\u0142adania wniosk\u00f3w o powierzenie grantu w ramach:<\/p>\n<p style=\"text-align: center;\"><strong>Lokalnej Strategii Rozwoju kierowanej przez spo\u0142eczno\u015b\u0107 dla obszaru Powiatu Radziejowskiego na lata 2016-2023<\/strong><\/p>\n<p style=\"text-align: justify;\"><strong>\u00a0<\/strong><strong>ZAKRES TEMATYCZNY: <\/strong><\/p>\n<p style=\"text-align: justify;\">Dzia\u0142ania na rzecz os\u00f3b zagro\u017conych ub\u00f3stwem lub wykluczeniem spo\u0142ecznym<\/p>\n<p style=\"text-align: justify;\"><strong>Cel og\u00f3lny LSR : <\/strong>Poprawa jako\u015bci i standardu \u017cycia mieszka\u0144c\u00f3w obszaru LGD w oparciu o zasoby lokalne<\/p>\n<p style=\"text-align: justify;\"><strong>Cel szczeg\u00f3\u0142owy LSR:<\/strong> Zwi\u0119kszenie \u015bwiadomo\u015bci i aktywno\u015bci spo\u0142eczno \u2013 zawodowej<br \/>\n8 000 mieszka\u0144c\u00f3w obszaru LSR w zakresie ochrony \u015brodowiska, dziedzictwa kulturowego, przeciwdzia\u0142ania wykluczeniu spo\u0142ecznemu i ub\u00f3stwu do 2023 roku.<\/p>\n<p style=\"text-align: justify;\"><strong>Przedsi\u0119wzi\u0119cie LSR:<\/strong> Dzia\u0142ania na rzecz walki z wykluczeniem spo\u0142ecznym\u00a0 i ub\u00f3stwem<\/p>\n<p style=\"text-align: center;\"><strong>ze \u015brodk\u00f3w <\/strong><strong>Regionalnego Programu Operacyjnego Wojew\u00f3dztwa<br \/>\nKujawsko-Pomorskiego na lata 2014-2020<\/strong><\/p>\n<p style=\"text-align: justify;\"><strong>O\u015b Priorytetowa 11: <\/strong>Rozw\u00f3j lokalny kierowany przez spo\u0142eczno\u015b\u0107<\/p>\n<p style=\"text-align: justify;\"><strong>Dzia\u0142anie 11.1: <\/strong>W\u0142\u0105czenie spo\u0142eczne na obszarach obj\u0119tych LSR<\/p>\n<p style=\"text-align: justify;\"><strong>Typ projektu SzOOP:<\/strong> Dzia\u0142ania na rzecz os\u00f3b zagro\u017conych ub\u00f3stwem lub wykluczeniem spo\u0142ecznym, w zakresie wdro\u017cenia rozwi\u0105za\u0144 z obszaru aktywnej integracji o charakterze \u015brodowiskowym takich jak: kluby m\u0142odzie\u017cowe (w tym z programem r\u00f3wie\u015bniczym obejmuj\u0105ce m.in.: r\u00f3wie\u015bnicze doradztwo, edukacje, liderowanie, coaching r\u00f3wie\u015bniczy) i\/lub inne z obszaru aktywnej integracji o charakterze \u015brodowiskowym.<strong>\u00a0<\/strong><strong>\u00a0<\/strong><\/p>\n<table>\n<tbody>\n<tr>\n<td width=\"604\"><span style=\"background-color: #00ccff;\"><strong>I. <\/strong><strong>WST\u0118P<\/strong><\/span><\/td>\n<\/tr>\n<\/tbody>\n<\/table>\n<p style=\"text-align: justify;\">Og\u0142oszenie o naborze oraz pozosta\u0142a dokumentacja konkursowa zosta\u0142a opracowana w oparciu o zapisy ustawy o rozwoju lokalnym kierowanym przez spo\u0142eczno\u015b\u0107 (Dz. U. z 2015 r. poz. 378 z p\u00f3\u017an. zm.), zwana dalej: ustaw\u0105 o RLKS.<\/p>\n<p style=\"text-align: justify;\">Lokalna Grupa Dzia\u0142ania \u201eRazem dla Powiatu Radziejowskiego\u201d og\u0142asza nab\u00f3r wniosk\u00f3w o powierzenie grant\u00f3w w ramach dzia\u0142ania 11.1 W\u0142\u0105czenie spo\u0142eczne na obszarach obj\u0119tych LSR.<br \/>\nNumer konkursu: I \/ RPO \/ EFS \/ 2018<\/p>\n<table>\n<tbody>\n<tr>\n<td width=\"604\"><span style=\"background-color: #00ccff;\"><strong>II. TERMINY SK\u0141ADANIA WNIOSK\u00d3W<\/strong><\/span><\/td>\n<\/tr>\n<\/tbody>\n<\/table>\n<p>Termin, od kt\u00f3rego mo\u017cna sk\u0142ada\u0107 wnioski \u2013\u00a0 14.11.2018 r.<br \/>\nTermin, do kt\u00f3rego mo\u017cna sk\u0142ada\u0107 wnioski \u2013 22.11.2018 r.<br \/>\nTermin rozstrzygni\u0119cia naboru \u2013 I kwarta\u0142 2019 r.<\/p>\n<table width=\"637\">\n<tbody>\n<tr>\n<td width=\"637\"><span style=\"background-color: #00ccff;\"><strong>III. MIEJSCE SK\u0141ADANIA WNIOSK\u00d3W<\/strong><\/span><\/td>\n<\/tr>\n<\/tbody>\n<\/table>\n<p>Wnioski o powierzenie grant\u00f3w nale\u017cy sk\u0142ada\u0107 <u>w biurze<\/u> Lokalnej Grupy Dzia\u0142ania \u201eRazem dla Powiatu Radziejowskiego\u201d:<br \/>\n<strong>ul. Ko\u015bciuszki 58<br \/>\n<\/strong><strong>88 \u2013 200 Radziej\u00f3w<br \/>\n<\/strong>w dni robocze tj. od poniedzia\u0142ku do pi\u0105tku, w godz. <strong>od 7.30 do 15.30.<\/strong><strong>\u00a0<\/strong><\/p>\n<table width=\"637\">\n<tbody>\n<tr>\n<td width=\"637\"><span style=\"background-color: #00ccff;\"><strong>IV. SPOS\u00d3B SK\u0141ADANIA WNIOSK\u00d3W<\/strong><\/span><\/td>\n<\/tr>\n<\/tbody>\n<\/table>\n<ol>\n<li style=\"text-align: justify;\">Formularz wniosku o powierzenie grantu i za\u0142\u0105czniki (wg obowi\u0105zuj\u0105cych wzor\u00f3w wskazanych w Og\u0142oszeniu o naborze) nale\u017cy pobra\u0107 ze strony <a href=\"https:\/\/lgd.com.pl\/archiwum24\/\">www.lgd.com.pl<\/a> i wype\u0142ni\u0107 elektronicznie.<\/li>\n<li style=\"text-align: justify;\">Wersj\u0119 ostateczn\u0105 wype\u0142nionego formularza wniosku o powierzenie grantu nale\u017cy wydrukowa\u0107 i z\u0142o\u017cy\u0107 wraz z za\u0142\u0105cznikami i pismem przewodnim w biurze Lokalnej Grupy Dzia\u0142ania \u201eRazem dla Powiatu Radziejowskiego\u201d w terminie naboru.<\/li>\n<li style=\"text-align: justify;\">Wymaga si\u0119 zachowania czytelno\u015bci wszystkich formularzy sk\u0142adanych w odpowiedzi na Og\u0142oszenie o naborze wniosk\u00f3w.<\/li>\n<li style=\"text-align: justify;\">Wniosek o dofinansowanie projektu w wersji papierowej nale\u017cy z\u0142o\u017cy\u0107 w 2 egzemplarzach:<\/li>\n<\/ol>\n<p style=\"text-align: justify;\">1 egzemplarz: orygina\u0142 formularza wniosku + komplet za\u0142\u0105cznik\u00f3w i<br \/>\n2 egzemplarz: kopia formularza wniosku + kopia kompletu za\u0142\u0105cznik\u00f3w.<\/p>\n<ol style=\"text-align: justify;\" start=\"5\">\n<li>Wniosek o powierzenie grantu mo\u017ce by\u0107 dostarczony:<\/li>\n<\/ol>\n<p style=\"text-align: justify;\">&#8211; osobi\u015bcie, przez pe\u0142nomocnika lub osob\u0119 uprawnion\u0105 do reprezentacji,<br \/>\n&#8211; drog\u0105 pocztow\u0105 lub kurierem.<\/p>\n<p style=\"text-align: justify;\"><strong>Ka\u017cdorazowo o dacie z\u0142o\u017cenia wniosku o powierzenie grantu decyduje data wp\u0142ywu do biura LGD.<\/strong><\/p>\n<ol style=\"text-align: justify;\" start=\"6\">\n<li>Do wniosku o powierzenie grantu powinny zosta\u0107 za\u0142\u0105czone wszystkie wymagane za\u0142\u0105czniki okre\u015blone w Li\u015bcie za\u0142\u0105cznik\u00f3w stanowi\u0105cej za\u0142\u0105cznik do Og\u0142oszenia o naborze. Za\u0142\u0105czniki do wniosku o powierzenie grantu powinny by\u0107 zgodne z przepisami prawa polskiego i unijnego.<\/li>\n<li>Wniosek o powierzenie grantu powinien by\u0107 czytelnie podpisany przez wyznaczon\u0105 osob\u0119 lub wyznaczone osoby, uprawnion\u0105\/ne zgodnie z zasadami reprezentacji danego podmiotu, okre\u015blonymi w dokumencie rejestrowym lub statutowym (w przypadku podpisu nieczytelnego wymagana jest imienna piecz\u0105tka). Mo\u017cliwa jest sytuacja, w kt\u00f3rej osoba uprawniona do podpisania wniosku upowa\u017cnia inn\u0105 osob\u0119 do jego podpisania. W takim przypadku do dokumentacji projektowej nale\u017cy do\u0142\u0105czy\u0107 pisemne upowa\u017cnienie w ww. zakresie.<\/li>\n<\/ol>\n<p>Powy\u017csze zasady nale\u017cy stosowa\u0107 odpowiednio do za\u0142\u0105cznik\u00f3w do wniosku o powierzenie grantu.<\/p>\n<ol start=\"8\">\n<li style=\"text-align: justify;\">Kserokopia orygina\u0142u wniosku o powierzenie grantu i za\u0142\u0105cznik\u00f3w powinna by\u0107 potwierdzona za zgodno\u015b\u0107 z orygina\u0142em. Na pierwszej stronie kopii powinien znale\u017a\u0107 si\u0119 zapis: \u201eza zgodno\u015b\u0107 z orygina\u0142em\u201d, zakres po\u015bwiadczanych stron oraz czytelny podpis (w przypadku podpisu nieczytelnego wymagana jest imienna piecz\u0105tka) jednej z os\u00f3b uprawnionych do podpisania wniosku o powierzenie grantu.<\/li>\n<li style=\"text-align: justify;\">Z\u0142o\u017cone wnioski o powierzenie grantu winny by\u0107 wype\u0142nione w j\u0119zyku polskim.<\/li>\n<li style=\"text-align: justify;\">Wnioskodawca zobowi\u0105zany jest do powiadomienia LGD o\u00a0jakichkolwiek zmianach adresowych oraz dotycz\u0105cych os\u00f3b prawnie upowa\u017cnionych do podpisania wniosku o powierzenie grantu oraz umowy o powierzenie grantu i upowa\u017cnionych do\u00a0kontaktu\u00a0w sprawach projektu niezw\u0142ocznie (nie p\u00f3\u017aniej ni\u017c w ci\u0105gu 7 dni kalendarzowych od dnia wyst\u0105pienia zdarzenia).<\/li>\n<\/ol>\n<table width=\"637\">\n<tbody>\n<tr>\n<td width=\"637\"><strong><span style=\"background-color: #00ccff;\">V. KTO MO\u017bE Z\u0141O\u017bY\u0106 WNIOSEK?<\/span> <\/strong><\/td>\n<\/tr>\n<\/tbody>\n<\/table>\n<p style=\"text-align: justify;\">Wszystkie podmioty posiadaj\u0105ce zdolno\u015b\u0107 prawn\u0105 z wy\u0142\u0105czeniem os\u00f3b fizycznych (nie dotyczy os\u00f3b prowadz\u0105cych dzia\u0142alno\u015b\u0107 gospodarcz\u0105 lub o\u015bwiatow\u0105 na podstawie odr\u0119bnych przepis\u00f3w).<br \/>\n<strong>Nie dopuszcza si\u0119 sk\u0142adania wniosk\u00f3w w partnerstwie. <\/strong><\/p>\n<table width=\"637\">\n<tbody>\n<tr>\n<td width=\"637\"><span style=\"background-color: #00ccff;\"><strong>VI. DO KOGO MA BY\u0106 SKIEROWANY GRANT (GRUPA DOCELOWA)<\/strong><\/span><\/td>\n<\/tr>\n<\/tbody>\n<\/table>\n<p>O\u015b 11:<\/p>\n<ol>\n<li style=\"text-align: justify;\">Osoby zagro\u017cone ub\u00f3stwem lub wykluczeniem spo\u0142ecznym z obszaru obj\u0119tego LSR, tj. Powiatu Radziejowskiego.<\/li>\n<li style=\"text-align: justify;\">Otoczenie os\u00f3b zagro\u017conych ub\u00f3stwem lub wykluczeniem spo\u0142ecznym (w takim zakresie, w jakim jest to niezb\u0119dne dla wsparcia os\u00f3b zagro\u017conych ub\u00f3stwem lub wykluczeniem spo\u0142ecznym) w tym osoby pe\u0142ni\u0105ce obowi\u0105zki opieku\u0144cze.<\/li>\n<\/ol>\n<table width=\"637\">\n<tbody>\n<tr>\n<td width=\"637\"><strong><span style=\"background-color: #00ccff;\">VII. NA CO MO\u017bNA OTRZYMA\u0106 GRANT?\u00a0<\/span> <\/strong><\/td>\n<\/tr>\n<\/tbody>\n<\/table>\n<ol>\n<li style=\"text-align: justify;\">Dzia\u0142ania na rzecz os\u00f3b zagro\u017conych ub\u00f3stwem lub wykluczeniem spo\u0142ecznym, w zakresie wdro\u017cenia rozwi\u0105za\u0144 z obszaru aktywnej integracji o charakterze \u015brodowiskowym takich jak:<\/li>\n<\/ol>\n<ul>\n<li><strong>kluby m\u0142odzie\u017cowe<\/strong> (w tym z programem r\u00f3wie\u015bniczym obejmuj\u0105ce m.in. r\u00f3wie\u015bnicze doradztwo, edukacj\u0119, liderowanie, coaching r\u00f3wie\u015bniczy) i\/lub<\/li>\n<li><strong>inne z obszaru aktywnej integracji o charakterze \u015brodowiskowym.<\/strong><\/li>\n<\/ul>\n<table style=\"height: 53px;\" width=\"697\">\n<tbody>\n<tr>\n<td width=\"633\"><span style=\"background-color: #00ccff;\"><strong>VIII. OG\u00d3LNA PULA \u015aRODK\u00d3W PRZEZNACZONA NA DOFINANSOWANIE PROJEKT\u00d3W<\/strong><\/span><\/td>\n<\/tr>\n<\/tbody>\n<\/table>\n<p>Ca\u0142kowita kwota \u015brodk\u00f3w przeznaczonych na dofinansowanie projekt\u00f3w w konkursie wynosi 700\u00a0000,00 PLN.<\/p>\n<table width=\"633\">\n<tbody>\n<tr>\n<td width=\"633\"><span style=\"background-color: #00ccff;\"><strong>IX. FORMA WSPARCIA I POZIOM DOFINANSOWANIA PROJEKTU ORAZ MAKSYMALNA I MINIMALNA WARTO\u015a\u0106 PROJEKTU<\/strong><\/span><\/td>\n<\/tr>\n<\/tbody>\n<\/table>\n<p style=\"text-align: justify;\">Forma wsparcia: zaliczka \/ refundacja<\/p>\n<p style=\"text-align: justify;\">Maksymalny poziom dofinansowania ze \u015brodk\u00f3w EFS wynosi 95 % wydatk\u00f3w kwalifikowanych na Poziomie projektu.<br \/>\nGrantobiorca zobowi\u0105zany jest do wniesienia wk\u0142adu w\u0142asnego &#8211; w wysoko\u015bci nie mniejszej ni\u017c 5% wydatk\u00f3w kwalifikowalnych projektu obj\u0119tego grantem.<br \/>\nMaksymalna warto\u015b\u0107 grantu wynosi 50 tys. z\u0142. Warto\u015b\u0107 grantu rozumiana jest jako kwota dofinansowania ze \u015brodk\u00f3w EFS.<br \/>\nMaksymalny koszt wsparcia w przeliczeniu na jednego uczestnika projektu wynosi <strong>5\u00a0847,95 z\u0142.<\/strong><\/p>\n<p style=\"text-align: justify;\"><strong>W sytuacji przekroczenia wskazanego powy\u017cej maksymalnego kosztu wsparcia w przeliczeniu na jednego uczestnika projektu, Rada LGD dokona obni\u017cenia uj\u0119tego w projekcie kosztu wsparcia przewidzianego na jednego uczestnika oraz kwoty grantu.\u00a0<\/strong><\/p>\n<table width=\"633\">\n<tbody>\n<tr>\n<td width=\"633\"><span style=\"background-color: #00ccff;\"><strong>X. KRYTERIA WYBORU PROJEKT\u00d3W<\/strong><\/span><\/td>\n<\/tr>\n<\/tbody>\n<\/table>\n<p style=\"text-align: justify;\">Lokalna Grupa Dzia\u0142ania \u201eRazem dla Powiatu Radziejowskiego\u201d dokona oceny i wyboru projekt\u00f3w w oparciu o kryteria wyboru projekt\u00f3w, kt\u00f3re zosta\u0142y szczeg\u00f3\u0142owo opisane w za\u0142\u0105czniku nr 4 do Og\u0142oszenia.<\/p>\n<p style=\"text-align: justify;\">Minimalna liczba punkt\u00f3w, kt\u00f3rej uzyskanie jest warunkiem wyboru operacji wynosi 20 punkt\u00f3w.<\/p>\n<table width=\"623\">\n<tbody>\n<tr>\n<td width=\"623\"><span style=\"background-color: #00ccff;\"><strong>XIII. ZASADY UDZIELANIA WSPARCIA NA PROJEKTY OBJ\u0118TE GRANTEM<\/strong><\/span><\/td>\n<\/tr>\n<\/tbody>\n<\/table>\n<p>Szczeg\u00f3\u0142owe zasady dotycz\u0105ce naboru zawarte s\u0105 w <em>Zasadach udzielania wsparcia na projekty obj\u0119te grantem w ramach EFS, <\/em>stanowi\u0105cy za\u0142\u0105cznik nr 10 do Og\u0142oszenia.<\/p>\n<table width=\"623\">\n<tbody>\n<tr>\n<td width=\"623\"><span style=\"background-color: #00ccff;\"><strong>XIV. PYTANIA I ODPOWIEDZI DOTYCZ\u0104CE NABORU<\/strong><\/span><\/td>\n<\/tr>\n<\/tbody>\n<\/table>\n<p style=\"text-align: justify;\">Informacji dotycz\u0105cych konkursu udzielaj\u0105 pracownicy <a href=\"http:\/\/www.mojregion.eu\/index.php\/rpo\/punkty-informacyjne\">biura<\/a> Lokalnej Grupy Dzia\u0142ania \u201eRazem dla Powiatu Radziejowskiego\u201d, czynnego od poniedzia\u0142ku do pi\u0105tku w godzinach: 7:30 \u2013 15.30.<\/p>\n<p style=\"text-align: justify;\">Z pytaniami mo\u017cna si\u0119 zg\u0142asza\u0107 osobi\u015bcie w biurze LGD lub telefonicznie pod numerem: 530\u00a0900\u00a0618.<\/p>\n<table width=\"633\">\n<tbody>\n<tr>\n<td width=\"633\"><span style=\"background-color: #00ccff;\"><strong>XV. ZA\u0141\u0104CZNIKI<\/strong><\/span><\/td>\n<\/tr>\n<\/tbody>\n<\/table>\n<ol>\n<li style=\"text-align: justify;\"><a href=\"https:\/\/lgd.com.pl\/archiwum24\/wp-content\/uploads\/2018\/10\/1.WNOSEK-O-POWIERZENIE-GRANTU.doc\">Wniosek o powierzenie grantu<\/a><\/li>\n<li style=\"text-align: justify;\"><a href=\"https:\/\/lgd.com.pl\/archiwum24\/wp-content\/uploads\/2018\/10\/2.-Umowa-o-dofinansowanie-wraz-z-za\u0142\u0105cznikami-poprawiona.doc\">Umowa o powierzenie grantu wraz z za\u0142\u0105cznikami<\/a><\/li>\n<li style=\"text-align: justify;\"><a href=\"https:\/\/lgd.com.pl\/archiwum24\/wp-content\/uploads\/2018\/10\/3.-wniosek-o-rozliczenie-grantu.docx\">Wniosek o rozliczenie grantu<\/a><\/li>\n<li style=\"text-align: justify;\"><a href=\"https:\/\/lgd.com.pl\/archiwum24\/wp-content\/uploads\/2018\/10\/4.-KRYTERIA-WYBORU-PROJEKT\u00d3W.pdf\">Kryteria oceny i wyboru projekt\u00f3w obj\u0119tych grantem<\/a><\/li>\n<li style=\"text-align: justify;\"><a href=\"https:\/\/lgd.com.pl\/archiwum24\/wp-content\/uploads\/2018\/10\/5.-Karta-oceny-zgodno\u015bci-projektu-z-LSR.pdf\">Karta zgodno\u015bci projektu z LSR<\/a><\/li>\n<li style=\"text-align: justify;\"><a href=\"https:\/\/lgd.com.pl\/archiwum24\/wp-content\/uploads\/2018\/10\/6.-Karta-oceny-projektu-wg-lokalnych-kryteri\u00f3w-wyboru-.pdf\">Karta oceny projektu wg lokalnych kryteri\u00f3w wyboru<\/a><\/li>\n<li style=\"text-align: justify;\"><a href=\"https:\/\/lgd.com.pl\/archiwum24\/wp-content\/uploads\/2018\/10\/7.-Procedura-oceny-i-wyboru-projekt\u00f3w-obj\u0119tych-grantem-EFS.pdf\">Procedura oceny i wyboru Grantobiorc\u00f3w wraz z opisem sposobu rozliczania grant\u00f3w, monitoringu i kontroli w ramach Projekt\u00f3w Grantowych (EFS O\u015b 11)<\/a><\/li>\n<li style=\"text-align: justify;\"><a href=\"https:\/\/lgd.com.pl\/archiwum24\/wp-content\/uploads\/2018\/10\/8.latalog-stawek-maksymalnych.pdf\">Katalog stawek maksymalnych<\/a><\/li>\n<li style=\"text-align: justify;\"><a href=\"https:\/\/lgd.com.pl\/archiwum24\/umowa-ramowa\/\">Lokalna Strategia Rozwoju kierowana przez spo\u0142eczno\u015b\u0107 dla obszaru Powiatu Radziejowskiego na lata 2016 &#8211; 2023<\/a><\/li>\n<li style=\"text-align: justify;\"><a href=\"https:\/\/lgd.com.pl\/archiwum24\/wp-content\/uploads\/2018\/10\/10.zasady-udzielenia-wsparcia-kluby-m\u0142odzie\u017cowe.pdf\">Zasady udzielenie wsparcia na projekty obj\u0119te grantem<\/a><\/li>\n<li style=\"text-align: justify;\"><a href=\"https:\/\/lgd.com.pl\/archiwum24\/wp-content\/uploads\/2018\/10\/11.-minimalne-standardy-klubu-m\u0142odzie\u017cowego.pdf\">Standard pracy klubu m\u0142odzie\u017cowego<\/a><\/li>\n<li style=\"text-align: justify;\"><a href=\"https:\/\/lgd.com.pl\/archiwum24\/wp-content\/uploads\/2018\/10\/12.Sposob-i-metodologia-mierzenia-efektywno\u015bci-spolecznej-i-zatrudnieniowej.pdf\">Spos\u00f3b i metodologia mierzenia efektywno\u015bci spo\u0142ecznej i zatrudnieniowej<\/a><\/li>\n<li style=\"text-align: justify;\"><a href=\"https:\/\/lgd.com.pl\/archiwum24\/wp-content\/uploads\/2018\/10\/13.-Pomiar-efektywno\u015bci-spo\u0142ecznej-i-zatrudnieniowej-w-celu-tematycznym-9.pdf\">Pomiar efektywno\u015bci spo\u0142ecznej i zatrudnieniowej w celu tematycznym 9<\/a><\/li>\n<li style=\"text-align: justify;\"><a href=\"https:\/\/lgd.com.pl\/archiwum24\/wp-content\/uploads\/2018\/10\/14.Wytyczne_w_zakresie_kwalifikowalnosci_19.pdf\">Wytyczne w zakresie kwalifikowalno\u015bci wydatk\u00f3w w ramach Europejskiego Funduszu Rozwoju Regionalnego, Europejskiego Funduszu Spo\u0142ecznego oraz Funduszu Sp\u00f3jno\u015bci na lata 2014- 2020;<\/a><\/li>\n<li style=\"text-align: justify;\"><a href=\"https:\/\/lgd.com.pl\/archiwum24\/wp-content\/uploads\/2018\/10\/15.-Wytyczne_wlaczenie_spoleczne_v4.pdf\">Wytyczne w zakresie realizacji przedsi\u0119wzi\u0119\u0107 w obszarze w\u0142\u0105czenia spo\u0142ecznego i zwalczania ub\u00f3stwa z wykorzystaniem \u015brodk\u00f3w Europejskiego Funduszu Spo\u0142ecznego i Europejskiego Funduszu Rozwoju Regionalnego na lata 2014-2020;<\/a><\/li>\n<\/ol>\n<p><a href=\"https:\/\/lgd.com.pl\/archiwum24\/wp-content\/uploads\/2018\/10\/0.og\u0142oszenia-o-naborze-wniosk\u00f3w-EFS-granty.pdf\">Og\u0142oszenie o naborze &#8211; .pdf<\/a><\/p>\n","protected":false},"excerpt":{"rendered":"<p>Radziej\u00f3w, \u00a030 pa\u017adziernika 2018 r. Og\u0142oszenie o naborze wniosk\u00f3w o powierzenie grant\u00f3w Numer naboru: I \/ RPO \/ EFS \/ 2018 \u00a0\u00a0Lokalna Grupa Dzia\u0142ania \u201eRazem dla Powiatu Radziejowskiego\u201d informuje o mo\u017cliwo\u015bci sk\u0142adania wniosk\u00f3w o powierzenie grantu w ramach: Lokalnej Strategii Rozwoju kierowanej przez spo\u0142eczno\u015b\u0107 dla obszaru Powiatu Radziejowskiego na lata 2016-2023 \u00a0ZAKRES TEMATYCZNY: Dzia\u0142ania na [&hellip;]<\/p>\n","protected":false},"author":2,"featured_media":0,"comment_status":"open","ping_status":"open","sticky":false,"template":"","format":"standard","meta":{"footnotes":""},"categories":[1,23],"tags":[],"_links":{"self":[{"href":"https:\/\/lgd.com.pl\/archiwum24\/wp-json\/wp\/v2\/posts\/3142"}],"collection":[{"href":"https:\/\/lgd.com.pl\/archiwum24\/wp-json\/wp\/v2\/posts"}],"about":[{"href":"https:\/\/lgd.com.pl\/archiwum24\/wp-json\/wp\/v2\/types\/post"}],"author":[{"embeddable":true,"href":"https:\/\/lgd.com.pl\/archiwum24\/wp-json\/wp\/v2\/users\/2"}],"replies":[{"embeddable":true,"href":"https:\/\/lgd.com.pl\/archiwum24\/wp-json\/wp\/v2\/comments?post=3142"}],"version-history":[{"count":8,"href":"https:\/\/lgd.com.pl\/archiwum24\/wp-json\/wp\/v2\/posts\/3142\/revisions"}],"predecessor-version":[{"id":3170,"href":"https:\/\/lgd.com.pl\/archiwum24\/wp-json\/wp\/v2\/posts\/3142\/revisions\/3170"}],"wp:attachment":[{"href":"https:\/\/lgd.com.pl\/archiwum24\/wp-json\/wp\/v2\/media?parent=3142"}],"wp:term":[{"taxonomy":"category","embeddable":true,"href":"https:\/\/lgd.com.pl\/archiwum24\/wp-json\/wp\/v2\/categories?post=3142"},{"taxonomy":"post_tag","embeddable":true,"href":"https:\/\/lgd.com.pl\/archiwum24\/wp-json\/wp\/v2\/tags?post=3142"}],"curies":[{"name":"wp","href":"https:\/\/api.w.org\/{rel}","templated":true}]}}