{"id":3114,"date":"2018-09-21T10:15:38","date_gmt":"2018-09-21T08:15:38","guid":{"rendered":"https:\/\/lgd.com.pl\/?p=3114"},"modified":"2018-09-21T10:16:25","modified_gmt":"2018-09-21T08:16:25","slug":"zawiadomienie-o-wynikach-wyboru-i-oceny-operacji-rady-lgd-konkurs-nr-3-2018","status":"publish","type":"post","link":"https:\/\/lgd.com.pl\/archiwum24\/zawiadomienie-o-wynikach-wyboru-i-oceny-operacji-rady-lgd-konkurs-nr-3-2018\/","title":{"rendered":"Zawiadomienie o wynikach wyboru i oceny operacji przez Rad\u0119 LGD \u2013 konkurs nr 3 \/ 2018"},"content":{"rendered":"<p style=\"text-align: center;\"><strong>Informacja z VIII posiedzenia Rady Lokalnej Grupy Dzia\u0142ania <\/strong><\/p>\n<p style=\"text-align: center;\"><strong>\u201eRazem dla Powiatu Radziejowskiego\u201d<\/strong><\/p>\n<p style=\"text-align: center;\">W wyniku przeprowadzonej procedury wyboru i oceny operacji z\u0142o\u017conych w zwi\u0105zku z naborem wniosk\u00f3w nr 3\/2018, w zakresie tematycznym<strong> podejmowania dzia\u0142alno\u015bci gospodarczej, <\/strong>Rada LGD podj\u0119\u0142a decyzj\u0119 o rozdysponowaniu \u015brodk\u00f3w w ramach Europejskiego Funduszu Rolnego na Rzecz Rozwoju Obszar\u00f3w Wiejskich.<strong><br \/>\n<\/strong><\/p>\n<p style=\"text-align: justify;\">POUCZENIE: Podmiotowi ubiegaj\u0105cemu si\u0119 o wsparcie przys\u0142uguje prawo wniesienia protestu.<\/p>\n<p style=\"text-align: justify;\"><strong>Protest<\/strong> <strong>przys\u0142uguje wnioskodawcom je\u015bli operacja<\/strong>, o kt\u00f3rej wsparcie ubiega si\u0119 wnioskodawca:<\/p>\n<ol style=\"text-align: justify;\">\n<li><strong>zosta\u0142a negatywnie oceniona pod wzgl\u0119dem zgodno\u015bci z LSR albo <\/strong><\/li>\n<li>nie uzyska\u0142a minimalnej liczby punkt\u00f3w w ramach kryteri\u00f3w wyboru operacji (czyli <strong>nie zosta\u0142a wybrana przez LGD<\/strong>) albo<\/li>\n<li><strong>zosta\u0142a wybrana ale nie mie\u015bci si\u0119 w limicie <\/strong>\u015brodk\u00f3w wskazanym w og\u0142oszeniu o naborze wniosk\u00f3w (okoliczno\u015b\u0107, \u017ce operacja nie mie\u015bci si\u0119 w limicie \u015brodk\u00f3w wskazanym w og\u0142oszeniu o naborze nie mo\u017ce stanowi\u0107 wy\u0142\u0105cznej przes\u0142anki wniesienia protestu)<\/li>\n<li>protest przys\u0142uguje tak\u017ce <strong>od ustalenia przez LGD kwoty wsparcia ni\u017cszej ni\u017c wnioskowana<\/strong>.<\/li>\n<\/ol>\n<p class=\"Default\" style=\"text-align: justify;\">Protest wnosi si\u0119 w <u>terminie 7 dni<\/u> od dnia dor\u0119czenia wnioskodawcy informacji od LGD w sprawie wynik\u00f3w wyboru operacji.<\/p>\n<ol>\n<li><a href=\"https:\/\/lgd.com.pl\/archiwum24\/wp-content\/uploads\/2018\/09\/Lista-operacji-zgodnych-z-LSR-premie.pdf\">Lista operacji zgodnych z LSR.<\/a><\/li>\n<li><a href=\"https:\/\/lgd.com.pl\/archiwum24\/wp-content\/uploads\/2018\/09\/lista-operacji-wybranych-premie.pdf\">Lista operacji wybranych (ze wskazaniem, kt\u00f3re z nich mieszcz\u0105 si\u0119 w limicie \u015brodk\u00f3w wskazanym w og\u0142oszeniu naboru wniosk\u00f3w).<\/a><\/li>\n<li><a href=\"https:\/\/lgd.com.pl\/archiwum24\/wp-content\/uploads\/2018\/09\/Protok\u00f3\u0142-z-posiedzenia-Rady-premie.pdf\">Protok\u00f3\u0142 z posiedzenia Rady LGD dotycz\u0105cego oceny i wyboru operacji, zawieraj\u0105cy informacj\u0119 o wy\u0142\u0105czeniach z procesu decyzyjnego, ze wskazaniem kt\u00f3rych wniosk\u00f3w wy\u0142\u0105czenia dotyczy\u0142y.<\/a><\/li>\n<\/ol>\n<p><a href=\"https:\/\/lgd.com.pl\/archiwum24\/wp-content\/uploads\/2018\/09\/Wzor_protestu.docx\">4. Wz\u00f3r protestu.<\/a><\/p>\n<p style=\"text-align: justify;\">Wnioski o przyznanie pomocy wraz z dokumentacj\u0105 z ich oceny w dniu dzisiejszym zosta\u0142y przekazane do dalszej oceny do Urz\u0119du Marsza\u0142kowskiego Wojew\u00f3dztwa Kujawsko-Pomorskiego w Toruniu.<\/p>\n","protected":false},"excerpt":{"rendered":"<p>Informacja z VIII posiedzenia Rady Lokalnej Grupy Dzia\u0142ania \u201eRazem dla Powiatu Radziejowskiego\u201d W wyniku przeprowadzonej procedury wyboru i oceny operacji z\u0142o\u017conych w zwi\u0105zku z naborem wniosk\u00f3w nr 3\/2018, w zakresie tematycznym podejmowania dzia\u0142alno\u015bci gospodarczej, Rada LGD podj\u0119\u0142a decyzj\u0119 o rozdysponowaniu \u015brodk\u00f3w w ramach Europejskiego Funduszu Rolnego na Rzecz Rozwoju Obszar\u00f3w Wiejskich. POUCZENIE: Podmiotowi ubiegaj\u0105cemu si\u0119 [&hellip;]<\/p>\n","protected":false},"author":2,"featured_media":2929,"comment_status":"open","ping_status":"open","sticky":false,"template":"","format":"standard","meta":{"footnotes":""},"categories":[22],"tags":[],"_links":{"self":[{"href":"https:\/\/lgd.com.pl\/archiwum24\/wp-json\/wp\/v2\/posts\/3114"}],"collection":[{"href":"https:\/\/lgd.com.pl\/archiwum24\/wp-json\/wp\/v2\/posts"}],"about":[{"href":"https:\/\/lgd.com.pl\/archiwum24\/wp-json\/wp\/v2\/types\/post"}],"author":[{"embeddable":true,"href":"https:\/\/lgd.com.pl\/archiwum24\/wp-json\/wp\/v2\/users\/2"}],"replies":[{"embeddable":true,"href":"https:\/\/lgd.com.pl\/archiwum24\/wp-json\/wp\/v2\/comments?post=3114"}],"version-history":[{"count":5,"href":"https:\/\/lgd.com.pl\/archiwum24\/wp-json\/wp\/v2\/posts\/3114\/revisions"}],"predecessor-version":[{"id":3123,"href":"https:\/\/lgd.com.pl\/archiwum24\/wp-json\/wp\/v2\/posts\/3114\/revisions\/3123"}],"wp:featuredmedia":[{"embeddable":true,"href":"https:\/\/lgd.com.pl\/archiwum24\/wp-json\/wp\/v2\/media\/2929"}],"wp:attachment":[{"href":"https:\/\/lgd.com.pl\/archiwum24\/wp-json\/wp\/v2\/media?parent=3114"}],"wp:term":[{"taxonomy":"category","embeddable":true,"href":"https:\/\/lgd.com.pl\/archiwum24\/wp-json\/wp\/v2\/categories?post=3114"},{"taxonomy":"post_tag","embeddable":true,"href":"https:\/\/lgd.com.pl\/archiwum24\/wp-json\/wp\/v2\/tags?post=3114"}],"curies":[{"name":"wp","href":"https:\/\/api.w.org\/{rel}","templated":true}]}}