{"id":3018,"date":"2018-06-29T14:13:24","date_gmt":"2018-06-29T12:13:24","guid":{"rendered":"http:\/\/lgd.com.pl\/?p=3018"},"modified":"2018-06-29T15:00:33","modified_gmt":"2018-06-29T13:00:33","slug":"lokalna-grupa-dzialania-na-festynie-w-debiankach-w-gminie-topolka","status":"publish","type":"post","link":"https:\/\/lgd.com.pl\/archiwum24\/lokalna-grupa-dzialania-na-festynie-w-debiankach-w-gminie-topolka\/","title":{"rendered":"Lokalna Grupa Dzia\u0142ania na festynie w D\u0119biankach w Gminie Top\u00f3lka"},"content":{"rendered":"<p style=\"text-align: justify;\">W dniu 23.06.2018 roku Stowarzyszenie\u00a0Lokalna Grupa Dzia\u0142ania \u201eRazem dla Powiatu Radziejowskiego\u00a0 uczestniczy\u0142a w Festynie na powitanie lata w D\u0119biankach w Gminie Top\u00f3lka. Podczas imprezy\u00a0w mobilnym punkcie informacyjnym\u00a0 pracownicy\u00a0 Lokalnej Grupy Dzia\u0142ania\u00a0 udzielali\u00a0 informacji\u00a0 o\u00a0lokalnej strategii rozwoju, og\u0142aszanych naborach\u00a0\u00a0 i\u00a0 zasadach\u00a0 udzielania\u00a0 pomocy. Ponadto\u00a0 LGD\u00a0 zapewnia\u0142o dmucha\u0144ce i trampoliny oraz dzia\u0142ania animacyjne dla dzieci, a dla wszystkich uczestnik\u00f3w imprezy &#8211; groch\u00f3wk\u0119.\u00a0 Zadanie wsp\u00f3\u0142finansowane ze \u015brodk\u00f3w Unii Europejskiej w\u00a0 ramach Europejskiego Funduszu Spo\u0142ecznego<\/p>\n<p style=\"text-align: justify;\">Zdj\u0119cia obrazuj\u0105ce to wydarzenie znajdziecie pa\u0144stwo w zak\u0142adce GALERIA.<\/p>\n<p style=\"text-align: justify;\">Kolejna impreza na naszym szlaku to: Piknik w Smarglinie<a href=\"http:\/\/lgd.com.pl\/wp-content\/uploads\/2018\/06\/Piknik-plakat.jpg\"><img loading=\"lazy\" decoding=\"async\" class=\"aligncenter size-full wp-image-3031\" src=\"http:\/\/lgd.com.pl\/wp-content\/uploads\/2018\/06\/Piknik-plakat.jpg\" alt=\"\" width=\"223\" height=\"316\" \/><\/a> w Gminie Dobre w dniu 30. 06.2018 r. Przewodnie has\u0142o imprezy to: \u201eBezpieczne wakacje na wsi\u201d.<\/p>\n<p style=\"text-align: justify;\">Ju\u017c teraz serdecznie zapraszamy.<\/p>\n","protected":false},"excerpt":{"rendered":"<p>W dniu 23.06.2018 roku Stowarzyszenie\u00a0Lokalna Grupa Dzia\u0142ania \u201eRazem dla Powiatu Radziejowskiego\u00a0 uczestniczy\u0142a w Festynie na powitanie lata w D\u0119biankach w Gminie Top\u00f3lka. Podczas imprezy\u00a0w mobilnym punkcie informacyjnym\u00a0 pracownicy\u00a0 Lokalnej Grupy Dzia\u0142ania\u00a0 udzielali\u00a0 informacji\u00a0 o\u00a0lokalnej strategii rozwoju, og\u0142aszanych naborach\u00a0\u00a0 i\u00a0 zasadach\u00a0 udzielania\u00a0 pomocy. Ponadto\u00a0 LGD\u00a0 zapewnia\u0142o dmucha\u0144ce i trampoliny oraz dzia\u0142ania animacyjne dla dzieci, a dla [&hellip;]<\/p>\n","protected":false},"author":2,"featured_media":3020,"comment_status":"open","ping_status":"open","sticky":false,"template":"","format":"standard","meta":{"footnotes":""},"categories":[7,17],"tags":[],"_links":{"self":[{"href":"https:\/\/lgd.com.pl\/archiwum24\/wp-json\/wp\/v2\/posts\/3018"}],"collection":[{"href":"https:\/\/lgd.com.pl\/archiwum24\/wp-json\/wp\/v2\/posts"}],"about":[{"href":"https:\/\/lgd.com.pl\/archiwum24\/wp-json\/wp\/v2\/types\/post"}],"author":[{"embeddable":true,"href":"https:\/\/lgd.com.pl\/archiwum24\/wp-json\/wp\/v2\/users\/2"}],"replies":[{"embeddable":true,"href":"https:\/\/lgd.com.pl\/archiwum24\/wp-json\/wp\/v2\/comments?post=3018"}],"version-history":[{"count":4,"href":"https:\/\/lgd.com.pl\/archiwum24\/wp-json\/wp\/v2\/posts\/3018\/revisions"}],"predecessor-version":[{"id":3049,"href":"https:\/\/lgd.com.pl\/archiwum24\/wp-json\/wp\/v2\/posts\/3018\/revisions\/3049"}],"wp:featuredmedia":[{"embeddable":true,"href":"https:\/\/lgd.com.pl\/archiwum24\/wp-json\/wp\/v2\/media\/3020"}],"wp:attachment":[{"href":"https:\/\/lgd.com.pl\/archiwum24\/wp-json\/wp\/v2\/media?parent=3018"}],"wp:term":[{"taxonomy":"category","embeddable":true,"href":"https:\/\/lgd.com.pl\/archiwum24\/wp-json\/wp\/v2\/categories?post=3018"},{"taxonomy":"post_tag","embeddable":true,"href":"https:\/\/lgd.com.pl\/archiwum24\/wp-json\/wp\/v2\/tags?post=3018"}],"curies":[{"name":"wp","href":"https:\/\/api.w.org\/{rel}","templated":true}]}}