{"id":2424,"date":"2017-07-27T09:58:44","date_gmt":"2017-07-27T07:58:44","guid":{"rendered":"http:\/\/lgd.com.pl\/?p=2424"},"modified":"2017-07-27T09:58:44","modified_gmt":"2017-07-27T07:58:44","slug":"letnie-warsztaty-aktywnego-wypoczynku-w-morzycach-juz-za-nami","status":"publish","type":"post","link":"https:\/\/lgd.com.pl\/archiwum24\/letnie-warsztaty-aktywnego-wypoczynku-w-morzycach-juz-za-nami\/","title":{"rendered":"Letnie warsztaty aktywnego wypoczynku w Morzycach ju\u017c za nami"},"content":{"rendered":"<p style=\"text-align: justify;\">W dniu 23.07.2017 roku pracownicy Lokalnej Grupy Dzia\u0142ania \u201eRazem dla Powiatu Radziejowskiego\u201d uczestniczyli w wydarzeniu pn. \u201e<strong>Przystanek w Morzycach w Gminie Byto\u0144 \u2013 letnie warsztaty aktywnego wypoczynku&#8221;.<\/strong><\/p>\n<p style=\"text-align: justify;\">Podczas imprezy w mobilnym punkcie informacyjnym pracownicy LGD udzielali informacji o lokalnej strategii rozwoju, og\u0142aszanych naborach i zasadach pomocy. Ponadto dzieci ch\u0119tnie uczestniczy\u0142y w dzia\u0142aniach animacyjnych, tj.: malowaniu twarzy, robieniu baniek mydlanych XXXL, kreatywnych balonik\u00f3w i wielu innych atrakcjach.<\/p>\n<p style=\"text-align: justify;\">Uczestnicy festynu mogli otrzyma\u0107 materia\u0142y promuj\u0105ce LSR. Du\u017cym zainteresowaniem w\u015br\u00f3d uczestnik\u00f3w imprezy cieszy\u0142 si\u0119 pyszny \u017curek.<\/p>\n<p style=\"text-align: justify;\">Zdj\u0119cia obrazuj\u0105ce to wydarzenie znajdziecie pa\u0144stwo w zak\u0142adce GALERIA<\/p>\n","protected":false},"excerpt":{"rendered":"<p>W dniu 23.07.2017 roku pracownicy Lokalnej Grupy Dzia\u0142ania \u201eRazem dla Powiatu Radziejowskiego\u201d uczestniczyli w wydarzeniu pn. \u201ePrzystanek w Morzycach w Gminie Byto\u0144 \u2013 letnie warsztaty aktywnego wypoczynku&#8221;. Podczas imprezy w mobilnym punkcie informacyjnym pracownicy LGD udzielali informacji o lokalnej strategii rozwoju, og\u0142aszanych naborach i zasadach pomocy. Ponadto dzieci ch\u0119tnie uczestniczy\u0142y w dzia\u0142aniach animacyjnych, tj.: malowaniu [&hellip;]<\/p>\n","protected":false},"author":2,"featured_media":2426,"comment_status":"open","ping_status":"open","sticky":false,"template":"","format":"standard","meta":{"footnotes":""},"categories":[7,17],"tags":[],"_links":{"self":[{"href":"https:\/\/lgd.com.pl\/archiwum24\/wp-json\/wp\/v2\/posts\/2424"}],"collection":[{"href":"https:\/\/lgd.com.pl\/archiwum24\/wp-json\/wp\/v2\/posts"}],"about":[{"href":"https:\/\/lgd.com.pl\/archiwum24\/wp-json\/wp\/v2\/types\/post"}],"author":[{"embeddable":true,"href":"https:\/\/lgd.com.pl\/archiwum24\/wp-json\/wp\/v2\/users\/2"}],"replies":[{"embeddable":true,"href":"https:\/\/lgd.com.pl\/archiwum24\/wp-json\/wp\/v2\/comments?post=2424"}],"version-history":[{"count":1,"href":"https:\/\/lgd.com.pl\/archiwum24\/wp-json\/wp\/v2\/posts\/2424\/revisions"}],"predecessor-version":[{"id":2436,"href":"https:\/\/lgd.com.pl\/archiwum24\/wp-json\/wp\/v2\/posts\/2424\/revisions\/2436"}],"wp:featuredmedia":[{"embeddable":true,"href":"https:\/\/lgd.com.pl\/archiwum24\/wp-json\/wp\/v2\/media\/2426"}],"wp:attachment":[{"href":"https:\/\/lgd.com.pl\/archiwum24\/wp-json\/wp\/v2\/media?parent=2424"}],"wp:term":[{"taxonomy":"category","embeddable":true,"href":"https:\/\/lgd.com.pl\/archiwum24\/wp-json\/wp\/v2\/categories?post=2424"},{"taxonomy":"post_tag","embeddable":true,"href":"https:\/\/lgd.com.pl\/archiwum24\/wp-json\/wp\/v2\/tags?post=2424"}],"curies":[{"name":"wp","href":"https:\/\/api.w.org\/{rel}","templated":true}]}}