{"id":2418,"date":"2017-07-20T12:16:01","date_gmt":"2017-07-20T10:16:01","guid":{"rendered":"http:\/\/lgd.com.pl\/?p=2418"},"modified":"2017-07-20T12:17:12","modified_gmt":"2017-07-20T10:17:12","slug":"zapraszamy-na-przystanek-w-morzycach-w-gminie-byton-letnie-warsztaty-aktywnego-wypoczynku","status":"publish","type":"post","link":"https:\/\/lgd.com.pl\/archiwum24\/zapraszamy-na-przystanek-w-morzycach-w-gminie-byton-letnie-warsztaty-aktywnego-wypoczynku\/","title":{"rendered":"ZAPRASZAMY NA PRZYSTANEK W MORZYCACH W GMINIE BYTO\u0143 \u2013 LETNIE WARSZTATY AKTYWNEGO WYPOCZYNKU"},"content":{"rendered":"<p style=\"text-align: justify;\">Lokalna Grupa Dzia\u0142ania \u201eRazem dla Powiatu Radziejowskiego\u201d zaprasza na wydarzenie pn. &#8220;<strong>Przystanek w Morzycach w Gminie Byto\u0144 \u2013 letnie warsztaty aktywnego wypoczynku <\/strong>w dniu 23.07.2017 r<\/p>\n<!--[if lt IE 9]><script>document.createElement('audio');<\/script><![endif]-->\n<audio class=\"wp-audio-shortcode\" id=\"audio-2418-1\" preload=\"none\" style=\"width: 100%;\" controls=\"controls\"><source type=\"audio\/mpeg\" src=\"http:\/\/lgd.com.pl\/wp-content\/uploads\/2017\/07\/lgd-radziej\u00f3w-23-lipca-BYTO\u0143-spot-reklamowy.mp3?_=1\" \/><a href=\"http:\/\/lgd.com.pl\/wp-content\/uploads\/2017\/07\/lgd-radziej\u00f3w-23-lipca-BYTO\u0143-spot-reklamowy.mp3\">http:\/\/lgd.com.pl\/wp-content\/uploads\/2017\/07\/lgd-radziej\u00f3w-23-lipca-BYTO\u0143-spot-reklamowy.mp3<\/a><\/audio>\n<p style=\"text-align: justify;\">W trakcie imprezy w godzinach od 16.00 do 20.00 w mobilnym punkcie informacyjnym pracownicy Lokalnej Grupy Dzia\u0142ania b\u0119d\u0105 udziela\u0107 informacji o lokalnej strategii rozwoju, og\u0142aszanych naborach i zasadach udzielania wsparcia. Ponadto LGD zapewnia dzia\u0142ania animacyjne dla dzieci, konkursy z gad\u017cetami oraz dla wszystkich uczestnik\u00f3w imprezy \u017curek. Serdecznie zapraszamy.<\/p>\n","protected":false},"excerpt":{"rendered":"<p>Lokalna Grupa Dzia\u0142ania \u201eRazem dla Powiatu Radziejowskiego\u201d zaprasza na wydarzenie pn. &#8220;Przystanek w Morzycach w Gminie Byto\u0144 \u2013 letnie warsztaty aktywnego wypoczynku w dniu 23.07.2017 r W trakcie imprezy w godzinach od 16.00 do 20.00 w mobilnym punkcie informacyjnym pracownicy Lokalnej Grupy Dzia\u0142ania b\u0119d\u0105 udziela\u0107 informacji o lokalnej strategii rozwoju, og\u0142aszanych naborach i zasadach udzielania [&hellip;]<\/p>\n","protected":false},"author":2,"featured_media":2347,"comment_status":"open","ping_status":"open","sticky":false,"template":"","format":"standard","meta":{"footnotes":""},"categories":[7,17],"tags":[],"_links":{"self":[{"href":"https:\/\/lgd.com.pl\/archiwum24\/wp-json\/wp\/v2\/posts\/2418"}],"collection":[{"href":"https:\/\/lgd.com.pl\/archiwum24\/wp-json\/wp\/v2\/posts"}],"about":[{"href":"https:\/\/lgd.com.pl\/archiwum24\/wp-json\/wp\/v2\/types\/post"}],"author":[{"embeddable":true,"href":"https:\/\/lgd.com.pl\/archiwum24\/wp-json\/wp\/v2\/users\/2"}],"replies":[{"embeddable":true,"href":"https:\/\/lgd.com.pl\/archiwum24\/wp-json\/wp\/v2\/comments?post=2418"}],"version-history":[{"count":2,"href":"https:\/\/lgd.com.pl\/archiwum24\/wp-json\/wp\/v2\/posts\/2418\/revisions"}],"predecessor-version":[{"id":2420,"href":"https:\/\/lgd.com.pl\/archiwum24\/wp-json\/wp\/v2\/posts\/2418\/revisions\/2420"}],"wp:featuredmedia":[{"embeddable":true,"href":"https:\/\/lgd.com.pl\/archiwum24\/wp-json\/wp\/v2\/media\/2347"}],"wp:attachment":[{"href":"https:\/\/lgd.com.pl\/archiwum24\/wp-json\/wp\/v2\/media?parent=2418"}],"wp:term":[{"taxonomy":"category","embeddable":true,"href":"https:\/\/lgd.com.pl\/archiwum24\/wp-json\/wp\/v2\/categories?post=2418"},{"taxonomy":"post_tag","embeddable":true,"href":"https:\/\/lgd.com.pl\/archiwum24\/wp-json\/wp\/v2\/tags?post=2418"}],"curies":[{"name":"wp","href":"https:\/\/api.w.org\/{rel}","templated":true}]}}