{"id":2397,"date":"2017-07-07T10:38:45","date_gmt":"2017-07-07T08:38:45","guid":{"rendered":"http:\/\/lgd.com.pl\/?p=2397"},"modified":"2017-07-07T10:38:45","modified_gmt":"2017-07-07T08:38:45","slug":"2397","status":"publish","type":"post","link":"https:\/\/lgd.com.pl\/archiwum24\/2397\/","title":{"rendered":""},"content":{"rendered":"<p style=\"text-align: justify;\">W niedziel\u0119 2 lipca 2017 r. w gminie Dobre odby\u0142 si\u0119 \u201ePiknik w Smarglinie\u201d. Impreza zosta\u0142a zorganizowana przez Stowarzyszenie na rzecz Rozwoju Gminy Dobre \u201ePromyk Nadziei\u201d. Stowarzyszeniu uda\u0142o si\u0119 uzyska\u0107 dofinansowanie na organizacj\u0119 tego projektu., w ramach konkursu \u201eWie\u015b na Weekend 2017\u201d og\u0142oszonego przez Sekretariat Regionalny Krajowej Sieci Obszar\u00f3w Wiejskich. Koordynatorem projektu by\u0142a Teresa Wi\u015bniewska. W przygotowanie i przeprowadzenie imprezy w\u0142\u0105czy\u0142y si\u0119: Gmina Dobre, LGD &#8220;Razem dla Powiatu Radziejowskiego&#8221;, Gminny O\u015brodek Kultury w Dobrem, OSP w Krzywos\u0105dzy, Ko\u0142o Gospody\u0144 Wiejskich &#8211; Byczyna Kolonia.<\/p>\n<p style=\"text-align: justify;\">Piknik rozpocz\u0105\u0142 si\u0119 o godzinie 15<sup>00<\/sup>. W\u015br\u00f3d jego licznych atrakcji znalaz\u0142y si\u0119: wyst\u0119py artystyczne, zabawy i animacje dla dzieci z malowaniem twarzy i balonow\u0105 niespodziank\u0105. Wielk\u0105 frajd\u0105 dla dzieci by\u0142 zaimprowizowany bezp\u0142atny plac zabaw &#8211; dmucha\u0144ce oraz pokaz i przeja\u017cd\u017cka wozem stra\u017cackim OSP z Krzywos\u0105dzy. Przeprowadzone zosta\u0142y konkursy z nagrodami: plastyczny dla dzieci pt.: \u201eMoja wie\u015b dzi\u015b i za 10 lat\u201d oraz &#8211; \u201eTest wiedzy o PROW\u201d dla m\u0142odzie\u017cy i \u201eWiem-odpowiem&#8221; dla doros\u0142ych. Na stoisku przygotowanym przez LGD \u201eRazem dla Powiatu Radziejowskiego\u201d mo\u017cna by\u0142o zapozna\u0107 si\u0119 z dzia\u0142aniami Programu Rozwoju Obszar\u00f3w Wiejskich na lata 2014 \u2013 2020 oraz Regionalnego Programu Operacyjnego na lata 2014 &#8211; 2020. O s\u0142odki pocz\u0119stunek zadba\u0142y panie z KGW Byczyna Kolonia i mieszkanki Smarglina. Nie zabrak\u0142o tak\u017ce kie\u0142baski z grilla oraz chleba ze smalcem i og\u00f3rkiem. Podczas pikniku odby\u0142o si\u0119 uroczyste otwarcie tutejszego placu zabaw, kt\u00f3rego dokona\u0142 W\u00f3jt gminy Dobre Stefan \u015apibida. Plac zosta\u0142 po\u015bwi\u0119cony przez ks. prob. parafii Krzywos\u0105dz Piotra Rogozi\u0144skiego. W mi\u0142ej atmosferze przy skocznej muzyce zabawa trwa\u0142a do p\u00f3\u017anych godzin wieczornych.<\/p>\n","protected":false},"excerpt":{"rendered":"<p>W niedziel\u0119 2 lipca 2017 r. w gminie Dobre odby\u0142 si\u0119 \u201ePiknik w Smarglinie\u201d. Impreza zosta\u0142a zorganizowana przez Stowarzyszenie na rzecz Rozwoju Gminy Dobre \u201ePromyk Nadziei\u201d. Stowarzyszeniu uda\u0142o si\u0119 uzyska\u0107 dofinansowanie na organizacj\u0119 tego projektu., w ramach konkursu \u201eWie\u015b na Weekend 2017\u201d og\u0142oszonego przez Sekretariat Regionalny Krajowej Sieci Obszar\u00f3w Wiejskich. Koordynatorem projektu by\u0142a Teresa Wi\u015bniewska. [&hellip;]<\/p>\n","protected":false},"author":2,"featured_media":2382,"comment_status":"open","ping_status":"open","sticky":false,"template":"","format":"standard","meta":{"footnotes":""},"categories":[7,17],"tags":[],"_links":{"self":[{"href":"https:\/\/lgd.com.pl\/archiwum24\/wp-json\/wp\/v2\/posts\/2397"}],"collection":[{"href":"https:\/\/lgd.com.pl\/archiwum24\/wp-json\/wp\/v2\/posts"}],"about":[{"href":"https:\/\/lgd.com.pl\/archiwum24\/wp-json\/wp\/v2\/types\/post"}],"author":[{"embeddable":true,"href":"https:\/\/lgd.com.pl\/archiwum24\/wp-json\/wp\/v2\/users\/2"}],"replies":[{"embeddable":true,"href":"https:\/\/lgd.com.pl\/archiwum24\/wp-json\/wp\/v2\/comments?post=2397"}],"version-history":[{"count":1,"href":"https:\/\/lgd.com.pl\/archiwum24\/wp-json\/wp\/v2\/posts\/2397\/revisions"}],"predecessor-version":[{"id":2398,"href":"https:\/\/lgd.com.pl\/archiwum24\/wp-json\/wp\/v2\/posts\/2397\/revisions\/2398"}],"wp:featuredmedia":[{"embeddable":true,"href":"https:\/\/lgd.com.pl\/archiwum24\/wp-json\/wp\/v2\/media\/2382"}],"wp:attachment":[{"href":"https:\/\/lgd.com.pl\/archiwum24\/wp-json\/wp\/v2\/media?parent=2397"}],"wp:term":[{"taxonomy":"category","embeddable":true,"href":"https:\/\/lgd.com.pl\/archiwum24\/wp-json\/wp\/v2\/categories?post=2397"},{"taxonomy":"post_tag","embeddable":true,"href":"https:\/\/lgd.com.pl\/archiwum24\/wp-json\/wp\/v2\/tags?post=2397"}],"curies":[{"name":"wp","href":"https:\/\/api.w.org\/{rel}","templated":true}]}}