{"id":2377,"date":"2017-07-05T15:02:57","date_gmt":"2017-07-05T13:02:57","guid":{"rendered":"http:\/\/lgd.com.pl\/?p=2377"},"modified":"2017-07-05T15:02:57","modified_gmt":"2017-07-05T13:02:57","slug":"zapraszamy-na-piknik-na-powitanie-wakacji-w-dobrem","status":"publish","type":"post","link":"https:\/\/lgd.com.pl\/archiwum24\/zapraszamy-na-piknik-na-powitanie-wakacji-w-dobrem\/","title":{"rendered":"ZAPRASZAMY NA PIKNIK NA POWITANIE WAKACJI W DOBREM"},"content":{"rendered":"<p style=\"text-align: justify;\">Lokalna Grupa Dzia\u0142ania \u201eRazem dla Powiatu Radziejowskiego\u201d zaprasza na Piknik na powitanie wakacji w Dobrem, w Gminie Dobre, w dniu 09.07.2017 r<\/p>\n<p style=\"text-align: justify;\">W trakcie imprezy w godzinach od 16.00 do 20.00 w mobilnym punkcie informacyjnym pracownicy Lokalnej Grupy Dzia\u0142ania b\u0119d\u0105 udziela\u0107 informacji o lokalnej strategii rozwoju, og\u0142aszanych naborach i zasadach udzielania wsparcia. Ponadto LGD zapewnia dzia\u0142ania animacyjne dla dzieci, konkursy z gad\u017cetami oraz dla wszystkich uczestnik\u00f3w festynu \u017curek. Serdecznie zapraszamy.<\/p>\n","protected":false},"excerpt":{"rendered":"<p>Lokalna Grupa Dzia\u0142ania \u201eRazem dla Powiatu Radziejowskiego\u201d zaprasza na Piknik na powitanie wakacji w Dobrem, w Gminie Dobre, w dniu 09.07.2017 r W trakcie imprezy w godzinach od 16.00 do 20.00 w mobilnym punkcie informacyjnym pracownicy Lokalnej Grupy Dzia\u0142ania b\u0119d\u0105 udziela\u0107 informacji o lokalnej strategii rozwoju, og\u0142aszanych naborach i zasadach udzielania wsparcia. Ponadto LGD zapewnia [&hellip;]<\/p>\n","protected":false},"author":2,"featured_media":2347,"comment_status":"open","ping_status":"open","sticky":false,"template":"","format":"standard","meta":{"footnotes":""},"categories":[7,17],"tags":[],"_links":{"self":[{"href":"https:\/\/lgd.com.pl\/archiwum24\/wp-json\/wp\/v2\/posts\/2377"}],"collection":[{"href":"https:\/\/lgd.com.pl\/archiwum24\/wp-json\/wp\/v2\/posts"}],"about":[{"href":"https:\/\/lgd.com.pl\/archiwum24\/wp-json\/wp\/v2\/types\/post"}],"author":[{"embeddable":true,"href":"https:\/\/lgd.com.pl\/archiwum24\/wp-json\/wp\/v2\/users\/2"}],"replies":[{"embeddable":true,"href":"https:\/\/lgd.com.pl\/archiwum24\/wp-json\/wp\/v2\/comments?post=2377"}],"version-history":[{"count":1,"href":"https:\/\/lgd.com.pl\/archiwum24\/wp-json\/wp\/v2\/posts\/2377\/revisions"}],"predecessor-version":[{"id":2378,"href":"https:\/\/lgd.com.pl\/archiwum24\/wp-json\/wp\/v2\/posts\/2377\/revisions\/2378"}],"wp:featuredmedia":[{"embeddable":true,"href":"https:\/\/lgd.com.pl\/archiwum24\/wp-json\/wp\/v2\/media\/2347"}],"wp:attachment":[{"href":"https:\/\/lgd.com.pl\/archiwum24\/wp-json\/wp\/v2\/media?parent=2377"}],"wp:term":[{"taxonomy":"category","embeddable":true,"href":"https:\/\/lgd.com.pl\/archiwum24\/wp-json\/wp\/v2\/categories?post=2377"},{"taxonomy":"post_tag","embeddable":true,"href":"https:\/\/lgd.com.pl\/archiwum24\/wp-json\/wp\/v2\/tags?post=2377"}],"curies":[{"name":"wp","href":"https:\/\/api.w.org\/{rel}","templated":true}]}}