{"id":2375,"date":"2017-07-05T14:42:46","date_gmt":"2017-07-05T12:42:46","guid":{"rendered":"http:\/\/lgd.com.pl\/?p=2375"},"modified":"2017-07-05T14:42:46","modified_gmt":"2017-07-05T12:42:46","slug":"festyn-na-powitanie-lata-w-debiankach-juz-za-nami","status":"publish","type":"post","link":"https:\/\/lgd.com.pl\/archiwum24\/festyn-na-powitanie-lata-w-debiankach-juz-za-nami\/","title":{"rendered":"Festyn na powitanie lata w D\u0119biankach ju\u017c za nami"},"content":{"rendered":"<p style=\"text-align: justify;\">W dniu 01.07.2017 roku pracownicy Lokalnej Grupy Dzia\u0142ania \u201eRazem dla Powiatu Radziejowskiego\u201d uczestniczyli w Festynie na powitanie lata w\u00a0D\u0119biankach w Gminie Top\u00f3lka.<\/p>\n<p style=\"text-align: justify;\">Podczas imprezy\u00a0w mobilnym punkcie informacyjnym\u00a0pracownicy LGD udzielali\u00a0informacji\u00a0o\u00a0lokalnej strategii rozwoju, og\u0142aszanych naborach i zasadach\u00a0 pomocy. Burzowa i deszczowa aura nie przeszkodzi\u0142a tak\u017ce w dzia\u0142aniach animacyjnych dla dzieci, kt\u00f3re ch\u0119tnie uczestniczy\u0142y w malowaniu twarzy, robieniu baniek mydlanych XXXL, kreatywnych balonik\u00f3w i wielu innych atrakcjach.<\/p>\n<p style=\"text-align: justify;\">Uczestnicy festynu mogli otrzyma\u0107 materia\u0142y promuj\u0105ce LSR. Du\u017cym zainteresowaniem w\u015br\u00f3d uczestnik\u00f3w imprezy cieszy\u0142 si\u0119 gor\u0105cy \u017curek.<\/p>\n<p style=\"text-align: justify;\">Zdj\u0119cia obrazuj\u0105ce to wydarzenie znajdziecie pa\u0144stwo w zak\u0142adce GALERIA.<\/p>\n<p style=\"text-align: justify;\">Kolejna impreza na naszym szlaku to \u201ePiknik na powitanie wakacji w Dobrem\u201d w dniu 9 lipca 2017 r. \u00a0Ju\u017c teraz serdecznie zapraszamy.<\/p>\n","protected":false},"excerpt":{"rendered":"<p>W dniu 01.07.2017 roku pracownicy Lokalnej Grupy Dzia\u0142ania \u201eRazem dla Powiatu Radziejowskiego\u201d uczestniczyli w Festynie na powitanie lata w\u00a0D\u0119biankach w Gminie Top\u00f3lka. Podczas imprezy\u00a0w mobilnym punkcie informacyjnym\u00a0pracownicy LGD udzielali\u00a0informacji\u00a0o\u00a0lokalnej strategii rozwoju, og\u0142aszanych naborach i zasadach\u00a0 pomocy. Burzowa i deszczowa aura nie przeszkodzi\u0142a tak\u017ce w dzia\u0142aniach animacyjnych dla dzieci, kt\u00f3re ch\u0119tnie uczestniczy\u0142y w malowaniu twarzy, robieniu [&hellip;]<\/p>\n","protected":false},"author":2,"featured_media":2370,"comment_status":"open","ping_status":"open","sticky":false,"template":"","format":"standard","meta":{"footnotes":""},"categories":[7,17],"tags":[],"_links":{"self":[{"href":"https:\/\/lgd.com.pl\/archiwum24\/wp-json\/wp\/v2\/posts\/2375"}],"collection":[{"href":"https:\/\/lgd.com.pl\/archiwum24\/wp-json\/wp\/v2\/posts"}],"about":[{"href":"https:\/\/lgd.com.pl\/archiwum24\/wp-json\/wp\/v2\/types\/post"}],"author":[{"embeddable":true,"href":"https:\/\/lgd.com.pl\/archiwum24\/wp-json\/wp\/v2\/users\/2"}],"replies":[{"embeddable":true,"href":"https:\/\/lgd.com.pl\/archiwum24\/wp-json\/wp\/v2\/comments?post=2375"}],"version-history":[{"count":1,"href":"https:\/\/lgd.com.pl\/archiwum24\/wp-json\/wp\/v2\/posts\/2375\/revisions"}],"predecessor-version":[{"id":2376,"href":"https:\/\/lgd.com.pl\/archiwum24\/wp-json\/wp\/v2\/posts\/2375\/revisions\/2376"}],"wp:featuredmedia":[{"embeddable":true,"href":"https:\/\/lgd.com.pl\/archiwum24\/wp-json\/wp\/v2\/media\/2370"}],"wp:attachment":[{"href":"https:\/\/lgd.com.pl\/archiwum24\/wp-json\/wp\/v2\/media?parent=2375"}],"wp:term":[{"taxonomy":"category","embeddable":true,"href":"https:\/\/lgd.com.pl\/archiwum24\/wp-json\/wp\/v2\/categories?post=2375"},{"taxonomy":"post_tag","embeddable":true,"href":"https:\/\/lgd.com.pl\/archiwum24\/wp-json\/wp\/v2\/tags?post=2375"}],"curies":[{"name":"wp","href":"https:\/\/api.w.org\/{rel}","templated":true}]}}