{"id":2049,"date":"2016-09-27T10:53:04","date_gmt":"2016-09-27T08:53:04","guid":{"rendered":"http:\/\/lgd.com.pl\/?p=2049"},"modified":"2017-01-13T11:00:46","modified_gmt":"2017-01-13T10:00:46","slug":"trzy-razy-k-festiwal-trzech-kultur-czyli-kociewie-kaszuby-kujawy-po-sasiedzku","status":"publish","type":"post","link":"https:\/\/lgd.com.pl\/archiwum24\/trzy-razy-k-festiwal-trzech-kultur-czyli-kociewie-kaszuby-kujawy-po-sasiedzku\/","title":{"rendered":"Trzy razy &#8220;K&#8221; Festiwal Trzech Kultur czyli KOCIEWIE \u2013 KASZUBY \u2013 KUJAWY po s\u0105siedzku"},"content":{"rendered":"<p align=\"JUSTIFY\">Lokalna Grupa Dzia\u0142ania &#8220;Razem dla Powiatu Radziejowskiego&#8221; zosta\u0142a zaproszona przez Lokaln\u0105 Grup\u0119 Dzia\u0142ania \u201eGminy Powiatu \u015awieckiego\u201d do partnerowania i udzia\u0142u w\u00a0projekcie pt.: Festiwal Trzech Kultur: Kociewie-Kaszuby-Kujawy po s\u0105siedzku, kt\u00f3ry odby\u0142 si\u0119 25 wrze\u015bnia br., w Wiosce Chlebowej w Janiej G\u00f3rze, gmina \u015awiekatowo.<\/p>\n<p align=\"JUSTIFY\">Celem Festiwalu by\u0142o zachowanie i promocja dziedzictwa kulturowego region\u00f3w etnograficznych Kociewia, Kaszub i Kujaw. Ponadto popularyzacja lokalnej tw\u00f3rczo\u015bci, edukacja i\u00a0promocja pod kierunkiem rozr\u00f3\u017cniania trzech s\u0105siaduj\u0105cych ze sob\u0105 grup etnicznych (odmienna kultura, stroje, haft, gwara, przy\u015bpiewki ta\u0144ce, obrz\u0119dy itp.)<\/p>\n<p align=\"JUSTIFY\">Istot\u0105 udzia\u0142u w Festiwalu by\u0142o przygotowanie i wystawienie stoiska odzwierciedlaj\u0105cego 150\u00a0lat tradycji Ko\u0142a Gospody\u0144 Wiejskich, promocja obszaru wdra\u017cania Lokalnej Strategii Rozwoju Gminy Dobre. Stoisko zosta\u0142o przygotowane przez KGW Bronis\u0142aw natomiast dla wzbogacenia jego wizerunku i prezentacji przy stoisku wyst\u0105pi\u0142 zesp\u00f3\u0142 \u201eBronis\u0142awianki\u201d.<\/p>\n<p align=\"JUSTIFY\">LGD Radziej\u00f3w wzie\u0142o udzia\u0142 w konkursie na najciekawsze stoisko odzwierciedlaj\u0105ce 150\u00a0lat tradycji KGW, w kt\u00f3rym zaj\u0119\u0142o III miejsce.<\/p>\n<p align=\"JUSTIFY\">Wszystkim osobom zaznga\u017cowanym w przygotowanie i zorganizowanie wyjazdu tj.: Panu Stefanowi \u015apibidzie \u2013 W\u00f3jtowi Gminy Dobre oraz Paniom z Ko\u0142a Gospody\u0144 Wiejskich w\u00a0Bronis\u0142awiu z Pani\u0105 Ann\u0105 Patyk na czele oraz zespo\u0142owi &#8220;Bronis\u0142awianki&#8221; serdecznie dzi\u0119kujemy za pomoc i wsparcie.<\/p>\n","protected":false},"excerpt":{"rendered":"<p>Lokalna Grupa Dzia\u0142ania &#8220;Razem dla Powiatu Radziejowskiego&#8221; zosta\u0142a zaproszona przez Lokaln\u0105 Grup\u0119 Dzia\u0142ania \u201eGminy Powiatu \u015awieckiego\u201d do partnerowania i udzia\u0142u w\u00a0projekcie pt.: Festiwal Trzech Kultur: Kociewie-Kaszuby-Kujawy po s\u0105siedzku, kt\u00f3ry odby\u0142 si\u0119 25 wrze\u015bnia br., w Wiosce Chlebowej w Janiej G\u00f3rze, gmina \u015awiekatowo. Celem Festiwalu by\u0142o zachowanie i promocja dziedzictwa kulturowego region\u00f3w etnograficznych Kociewia, Kaszub i [&hellip;]<\/p>\n","protected":false},"author":1,"featured_media":2050,"comment_status":"open","ping_status":"open","sticky":false,"template":"","format":"standard","meta":{"footnotes":""},"categories":[7,17],"tags":[],"_links":{"self":[{"href":"https:\/\/lgd.com.pl\/archiwum24\/wp-json\/wp\/v2\/posts\/2049"}],"collection":[{"href":"https:\/\/lgd.com.pl\/archiwum24\/wp-json\/wp\/v2\/posts"}],"about":[{"href":"https:\/\/lgd.com.pl\/archiwum24\/wp-json\/wp\/v2\/types\/post"}],"author":[{"embeddable":true,"href":"https:\/\/lgd.com.pl\/archiwum24\/wp-json\/wp\/v2\/users\/1"}],"replies":[{"embeddable":true,"href":"https:\/\/lgd.com.pl\/archiwum24\/wp-json\/wp\/v2\/comments?post=2049"}],"version-history":[{"count":1,"href":"https:\/\/lgd.com.pl\/archiwum24\/wp-json\/wp\/v2\/posts\/2049\/revisions"}],"predecessor-version":[{"id":2051,"href":"https:\/\/lgd.com.pl\/archiwum24\/wp-json\/wp\/v2\/posts\/2049\/revisions\/2051"}],"wp:featuredmedia":[{"embeddable":true,"href":"https:\/\/lgd.com.pl\/archiwum24\/wp-json\/wp\/v2\/media\/2050"}],"wp:attachment":[{"href":"https:\/\/lgd.com.pl\/archiwum24\/wp-json\/wp\/v2\/media?parent=2049"}],"wp:term":[{"taxonomy":"category","embeddable":true,"href":"https:\/\/lgd.com.pl\/archiwum24\/wp-json\/wp\/v2\/categories?post=2049"},{"taxonomy":"post_tag","embeddable":true,"href":"https:\/\/lgd.com.pl\/archiwum24\/wp-json\/wp\/v2\/tags?post=2049"}],"curies":[{"name":"wp","href":"https:\/\/api.w.org\/{rel}","templated":true}]}}